{"id":981,"date":"2026-03-23T08:28:24","date_gmt":"2026-03-23T11:28:24","guid":{"rendered":"https:\/\/www.encontrabauru.com.br\/sobre\/bauru-recebe-imovel-da-uniao-para-uso-institucional-do-municipio-durante-a-caravana-federativa\/"},"modified":"2026-03-23T08:28:24","modified_gmt":"2026-03-23T11:28:24","slug":"bauru-recebe-imovel-da-uniao-para-uso-institucional-do-municipio-durante-a-caravana-federativa","status":"publish","type":"post","link":"https:\/\/www.encontrabauru.com.br\/sobre\/bauru-recebe-imovel-da-uniao-para-uso-institucional-do-municipio-durante-a-caravana-federativa\/","title":{"rendered":"Bauru recebe im\u00f3vel da Uni\u00e3o para uso institucional do munic\u00edpio durante a &#8216;Caravana Federativa&#8217;"},"content":{"rendered":"<div class=\"afac9f3eb9e49d7fc4d46fa627f8b2d3\" data-index=\"1\" style=\"float: none; margin:0px;\">\n<!-- Anuncio display - global -->\r\n<ins class=\"adsbygoogle\"\r\n     style=\"display:block\"\r\n     data-ad-client=\"ca-pub-8585364105181520\"\r\n     data-ad-slot=\"8789329856\"\r\n     data-ad-format=\"auto\"\r\n     data-full-width-responsive=\"true\"><\/ins>\r\n<script>\r\n     (adsbygoogle = window.adsbygoogle || []).push({});\r\n<\/script>\n<\/div>\n<h2>O Que Significa a Cess\u00e3o do Im\u00f3vel da Uni\u00e3o?<\/h2>\n<p>A cess\u00e3o do im\u00f3vel da Uni\u00e3o para a Prefeitura de Bauru representa uma oportunidade significativa para a administra\u00e7\u00e3o municipal. O im\u00f3vel, com uma \u00e1rea constru\u00edda de 1.500 metros quadrados localizado na rua Rio Branco, ser\u00e1 destinado para uso institucional, criando uma nova sede para uma das secretarias municipais. Este movimento n\u00e3o apenas simboliza um fortalecimento na rela\u00e7\u00e3o entre o munic\u00edpio e o governo federal, mas tamb\u00e9m estabelece uma base para a otimiza\u00e7\u00e3o dos recursos locais.<\/p>\n<h2>Impactos na Administra\u00e7\u00e3o Municipal de Bauru<\/h2>\n<p>Com a transfer\u00eancia do im\u00f3vel, a Prefeitura de Bauru pode esperar impactos positivos na sua gest\u00e3o. Um dos principais benef\u00edcios \u00e9 a redu\u00e7\u00e3o nos gastos com loca\u00e7\u00e3o de pr\u00e9dios, que tradicionalmente consome uma parte significativa do or\u00e7amento municipal. A nova sede permitir\u00e1 \u00e0 administra\u00e7\u00e3o concentrar as atividades em um espa\u00e7o pr\u00f3prio, facilitando a gest\u00e3o dos servi\u00e7os e proporcionando uma melhor qualidade de atendimento \u00e0 popula\u00e7\u00e3o.<\/p>\n<h2>Como a Nova Sede Melhorar\u00e1 o Atendimento ao Cidad\u00e3o<\/h2>\n<p>A disponibilidade de um espa\u00e7o dedicado para as atividades da secretaria municipal ir\u00e1 contribuir para uma gest\u00e3o mais eficiente e qualificada. Com as opera\u00e7\u00f5es centralizadas, a Prefeitura poder\u00e1 oferecer um atendimento mais \u00e1gil e organizado aos cidad\u00e3os, refletindo diretamente na satisfa\u00e7\u00e3o da popula\u00e7\u00e3o. A nova estrutura f\u00edsica ser\u00e1 projetada para atender as necessidades espec\u00edficas dos servi\u00e7os prestados, como acessibilidade e infraestrutura adequada, o que representa um avan\u00e7o consider\u00e1vel na presta\u00e7\u00e3o de servi\u00e7os p\u00fablicos.<\/p>\n<h2>O Papel da &#8216;Caravana Federativa&#8217; no Processo<\/h2>\n<p>A confirma\u00e7\u00e3o da cess\u00e3o do im\u00f3vel ocorreu durante o evento \u2018Caravana Federativa\u2019, promovido pelo Minist\u00e9rio da Gest\u00e3o e Inova\u00e7\u00e3o. Este evento foi fundamental para estabelecer o di\u00e1logo entre os munic\u00edpios e o Governo Federal, facilitando a aprova\u00e7\u00e3o de opera\u00e7\u00f5es como essa. A presen\u00e7a de autoridades como o presidente Luiz In\u00e1cio Lula da Silva e de diversos ministros demonstra a relev\u00e2ncia da iniciativa para o fortalecimento das parcerias p\u00fablicas.<\/p>\n<h2>Import\u00e2ncia do Programa &#8216;Im\u00f3vel da Gente&#8217;<\/h2>\n<p>O programa \u2018Im\u00f3vel da Gente\u2019, da Secretaria de Patrim\u00f4nio da Uni\u00e3o (SPU), tem como objetivo facilitar a cess\u00e3o de im\u00f3veis da Uni\u00e3o para uso pelos munic\u00edpios. Ele representa um grande esfor\u00e7o do Governo Federal em promover a descentraliza\u00e7\u00e3o e a efici\u00eancia na gest\u00e3o p\u00fablica, permitindo que as cidades usufruam de espa\u00e7os para atender melhor as suas demandas. A ades\u00e3o de Bauru a esse programa \u00e9 um passo estrat\u00e9gico na busca por solu\u00e7\u00f5es que priorizam o bem-estar do cidad\u00e3o.<\/p>\n<h2>Hist\u00f3rico das Negocia\u00e7\u00f5es entre Bauru e a Uni\u00e3o<\/h2>\n<p>A negocia\u00e7\u00e3o entre a Prefeitura de Bauru e a Uni\u00e3o sobre a cess\u00e3o do im\u00f3vel \u00e9 resultado de um trabalho cont\u00ednuo. Bauru vinha buscando um im\u00f3vel que se encaixasse nas suas necessidades administrativas h\u00e1 anos. Esse esfor\u00e7o culminou na obten\u00e7\u00e3o de um acordo favor\u00e1vel, que agora se concretiza com a entrega da posse do im\u00f3vel. O di\u00e1logo constante e a articulada aproxima\u00e7\u00e3o com o governo federal foram cruciais nesse processo.<\/p>\n<h2>Redu\u00e7\u00e3o de Custos: Como Funciona na Pr\u00e1tica?<\/h2>\n<p>A pr\u00e1tica de usufruir de um im\u00f3vel cedido pela Uni\u00e3o leva a uma significativa redu\u00e7\u00e3o de custos para a prefeitura. Com o novo espa\u00e7o, a cidade conseguir\u00e1 economizar a quantia que antes era destinada ao aluguel de pr\u00e9dios que abrigavam servi\u00e7os p\u00fablicos. Essa economia pode ser redirecionada para outras \u00e1reas essenciais, como sa\u00fade e educa\u00e7\u00e3o. A gest\u00e3o financeira ganhar\u00e1 mais efici\u00eancia, resultando em um melhor retorno para a popula\u00e7\u00e3o.<\/p>\n<h2>Expectativas para o Futuro da Gest\u00e3o em Bauru<\/h2>\n<p>Com essa nova sede, as expectativas s\u00e3o de que a gest\u00e3o p\u00fablica em Bauru se torne mais integrada e eficiente. A nova estrutura administrativa \u00e9 vista como uma oportunidade para implementar melhorias e inova\u00e7\u00f5es nos servi\u00e7os p\u00fablicos, visando sempre o bem-estar do cidad\u00e3o. A centraliza\u00e7\u00e3o das atividades em um local pr\u00f3prio permitir\u00e1 ainda uma melhor coordena\u00e7\u00e3o entre as secretarias, otimizarando o fluxo de trabalho e, consequentemente, o atendimento ao p\u00fablico.<\/p>\n<h2>Outras Parcerias em Discuss\u00e3o com o Governo Federal<\/h2>\n<p>A \u2018Caravana Federativa\u2019 tamb\u00e9m foi um espa\u00e7o importante para discutir outras colabora\u00e7\u00f5es entre Bauru e o governo federal. Durante o evento, a Prefeitura teve a oportunidade de abordar novos conv\u00eanios e parcerias que podem trazer benef\u00edcios adicionais para a popula\u00e7\u00e3o. Existem diversas \u00e1reas em que a administra\u00e7\u00e3o municipal pode expandir a coopera\u00e7\u00e3o, resultando em ganhos de efici\u00eancia e recursos para a cidade.<\/p>\n<h2>Coment\u00e1rios da Popula\u00e7\u00e3o sobre a Mudan\u00e7a<\/h2>\n<p>A recep\u00e7\u00e3o do an\u00fancio da nova sede pela popula\u00e7\u00e3o de Bauru tem sido positiva. Muitos cidad\u00e3os veem a mudan\u00e7a como um passo importante rumo \u00e0 moderniza\u00e7\u00e3o da administra\u00e7\u00e3o p\u00fablica e \u00e0 melhoria no atendimento. A expectativa \u00e9 de que a nova estrutura n\u00e3o s\u00f3 traga mais efici\u00eancia, mas tamb\u00e9m contribua para uma maior transpar\u00eancia nas atividades do governo, fortalecendo a rela\u00e7\u00e3o entre os cidad\u00e3os e a administra\u00e7\u00e3o municipal.<\/p>\n<p>Com a cess\u00e3o do im\u00f3vel e o fortalecimento das parcerias, Bauru abre novos caminhos para um futuro mais organizado e eficiente em sua gest\u00e3o p\u00fablica, refletindo a necessidade de uma administra\u00e7\u00e3o mais pr\u00f3xima das demandas da popula\u00e7\u00e3o.<\/p>\n\n<div style=\"font-size: 0px; height: 0px; line-height: 0px; margin: 0; padding: 0; clear: both;\"><\/div>","protected":false},"excerpt":{"rendered":"<p>Bauru ganha im\u00f3vel da Uni\u00e3o para otimizar a gest\u00e3o administrativa.<\/p>\n","protected":false},"author":1,"featured_media":0,"comment_status":"open","ping_status":"closed","sticky":false,"template":"","format":"standard","meta":{"footnotes":""},"categories":[14],"tags":[],"class_list":["post-981","post","type-post","status-publish","format-standard","hentry","category-cultura-bauru"],"aioseo_notices":[],"_links":{"self":[{"href":"https:\/\/www.encontrabauru.com.br\/sobre\/wp-json\/wp\/v2\/posts\/981","targetHints":{"allow":["GET"]}}],"collection":[{"href":"https:\/\/www.encontrabauru.com.br\/sobre\/wp-json\/wp\/v2\/posts"}],"about":[{"href":"https:\/\/www.encontrabauru.com.br\/sobre\/wp-json\/wp\/v2\/types\/post"}],"author":[{"embeddable":true,"href":"https:\/\/www.encontrabauru.com.br\/sobre\/wp-json\/wp\/v2\/users\/1"}],"replies":[{"embeddable":true,"href":"https:\/\/www.encontrabauru.com.br\/sobre\/wp-json\/wp\/v2\/comments?post=981"}],"version-history":[{"count":0,"href":"https:\/\/www.encontrabauru.com.br\/sobre\/wp-json\/wp\/v2\/posts\/981\/revisions"}],"wp:attachment":[{"href":"https:\/\/www.encontrabauru.com.br\/sobre\/wp-json\/wp\/v2\/media?parent=981"}],"wp:term":[{"taxonomy":"category","embeddable":true,"href":"https:\/\/www.encontrabauru.com.br\/sobre\/wp-json\/wp\/v2\/categories?post=981"},{"taxonomy":"post_tag","embeddable":true,"href":"https:\/\/www.encontrabauru.com.br\/sobre\/wp-json\/wp\/v2\/tags?post=981"}],"curies":[{"name":"wp","href":"https:\/\/api.w.org\/{rel}","templated":true}]}}