{"id":970,"date":"2026-03-19T08:31:32","date_gmt":"2026-03-19T11:31:32","guid":{"rendered":"https:\/\/www.encontrabauru.com.br\/sobre\/secretaria-de-cultura-segue-com-inscricoes-de-expositores-para-a-23a-feira-do-livro-ate-terca\/"},"modified":"2026-03-19T08:31:32","modified_gmt":"2026-03-19T11:31:32","slug":"secretaria-de-cultura-segue-com-inscricoes-de-expositores-para-a-23a-feira-do-livro-ate-terca","status":"publish","type":"post","link":"https:\/\/www.encontrabauru.com.br\/sobre\/secretaria-de-cultura-segue-com-inscricoes-de-expositores-para-a-23a-feira-do-livro-ate-terca\/","title":{"rendered":"Secretaria de Cultura segue com inscri\u00e7\u00f5es de expositores para a 23\u00aa Feira do Livro at\u00e9 ter\u00e7a"},"content":{"rendered":"<div class=\"afac9f3eb9e49d7fc4d46fa627f8b2d3\" data-index=\"1\" style=\"float: none; margin:0px;\">\n<!-- Anuncio display - global -->\r\n<ins class=\"adsbygoogle\"\r\n     style=\"display:block\"\r\n     data-ad-client=\"ca-pub-8585364105181520\"\r\n     data-ad-slot=\"8789329856\"\r\n     data-ad-format=\"auto\"\r\n     data-full-width-responsive=\"true\"><\/ins>\r\n<script>\r\n     (adsbygoogle = window.adsbygoogle || []).push({});\r\n<\/script>\n<\/div>\n<h2>Como Fazer a Inscri\u00e7\u00e3o para Expositores<\/h2>\n<p>A 23\u00aa Feira do Livro de Bauru est\u00e1 com as inscri\u00e7\u00f5es abertas para expositores. Para participar, voc\u00ea precisa fazer a inscri\u00e7\u00e3o presencialmente na Biblioteca Rodrigues de Abreu, localizada na Avenida Na\u00e7\u00f5es Unidas, 8-9, no Centro da cidade. O prazo para a entrega dos documentos requeridos se estende at\u00e9 o dia 24 de mar\u00e7o.<\/p>\n<p>As inscri\u00e7\u00f5es est\u00e3o dispon\u00edveis para diversos tipos de expositores, incluindo editoras, livrarias, sebos e tamb\u00e9m pessoas f\u00edsicas como autores e artistas independentes. As institui\u00e7\u00f5es devem apresentar documenta\u00e7\u00e3o que comprove sua atua\u00e7\u00e3o no setor liter\u00e1rio e todos devem oferecer um desconto m\u00ednimo de 10% nos produtos que ser\u00e3o comercializados durante o evento.<\/p>\n<h2>Eventos e Atra\u00e7\u00f5es da Feira do Livro<\/h2>\n<p>A 23\u00aa Feira do Livro promete ser um evento rico em programa\u00e7\u00e3o cultural. Entre os destaques, estar\u00e3o diversos autores locais que participar\u00e3o com sess\u00f5es de aut\u00f3grafos, al\u00e9m de conta\u00e7\u00f5es de hist\u00f3rias que ir\u00e3o encantar crian\u00e7as e adultos. A feira tamb\u00e9m contar\u00e1 com atrativas apresenta\u00e7\u00f5es circenses e performances musicais ao longo de seus cinco dias de festividades.<\/p>\n<p>Al\u00e9m das atividades art\u00edsticas, os visitantes poder\u00e3o explorar as barracas de vendas de livros, onde encontrar\u00e3o uma diversidade incr\u00edvel de obras, desde cl\u00e1ssicos da literatura at\u00e9 lan\u00e7amentos contempor\u00e2neos. O ambiente ser\u00e1 prop\u00edcio para o di\u00e1logo entre autores, leitores e demais participantes do mundo liter\u00e1rio.<\/p>\n<h2>Documenta\u00e7\u00e3o Necess\u00e1ria para Inscri\u00e7\u00e3o<\/h2>\n<p>Para realizar a inscri\u00e7\u00e3o como expositor, os interessados dever\u00e3o preparar um conjunto m\u00ednimo de documentos. O edital, dispon\u00edvel na biblioteca e no site oficial, especifica todos os documentos necess\u00e1rios. Para cada expositor, \u00e9 imprescind\u00edvel apresentar:<\/p>\n<ul>\n<li>Registro da empresa ou CPF, no caso de pessoas f\u00edsicas;<\/li>\n<li>Declara\u00e7\u00e3o de que os livros ou produtos a serem vendidos est\u00e3o com o desconto m\u00ednimo de 10%;<\/li>\n<li>Comprovante de endere\u00e7o;<\/li>\n<li>Documenta\u00e7\u00e3o que comprove a atividade no setor liter\u00e1rio.<\/li>\n<\/ul>\n<p>Certifique-se de levar todos os documentos listados para evitar problemas no momento da inscri\u00e7\u00e3o.<\/p>\n<h2>O que Esperar da 23\u00aa Feira do Livro<\/h2>\n<p>Participar da 23\u00aa Feira do Livro \u00e9 uma grande oportunidade para os expositores. Espera-se que o evento traga um p\u00fablico diversificado, interessado em literatura e cultura. Al\u00e9m de fortalecer a visibilidade dos expositores, \u00e9 uma chance de intera\u00e7\u00e3o com o p\u00fablico e expans\u00e3o de sua rede de contatos no meio editorial.<\/p>\n<p>Os participantes podem aguardar ainda uma s\u00e9rie de workshops e palestras que ir\u00e3o acontecer ao longo da feira, abordando temas como a produ\u00e7\u00e3o liter\u00e1ria, marketing de livros e tend\u00eancias do mercado editorial. \u00c9 um evento n\u00e3o s\u00f3 para os apaixonados por livros, mas tamb\u00e9m para profissionais que desejam se atualizar e aprender mais sobre a \u00e1rea.<\/p>\n<h2>Local e Data do Evento<\/h2>\n<p>A 23\u00aa Feira do Livro ocorrer\u00e1 entre os dias 13 e 17 de abril de 2026. O local escolhido para abrigar a feira \u00e9 o Centro Cultural \u2018Carlos Fernandes de Paiva\u2019, que possui infraestrutura adequada para receber um grande p\u00fablico e proporcionar conforto aos expositores. O evento funcionar\u00e1 nos hor\u00e1rios que s\u00e3o divulgados no site oficial e na biblioteca.<\/p>\n<h2>Benef\u00edcios de Participar da Feira do Livro<\/h2>\n<p>Participar da feira traz m\u00faltiplos benef\u00edcios tanto para expositores quanto para visitantes:<\/p>\n<ul>\n<li><strong>Exposi\u00e7\u00e3o da Marca:<\/strong> Um estande na feira permite que a marca do expositor seja vista por um grande n\u00famero de pessoas;<\/li>\n<li><strong>Vendas Diretas:<\/strong> O contato direto com o consumidor final possibilita n\u00e3o somente a venda de livros, mas a constru\u00e7\u00e3o de relacionamentos;<\/li>\n<li><strong>Networking:<\/strong> Oportunidade de se conectar com outros autores, editores e profissionais do setor;<\/li>\n<li><strong>Divers\u00e3o e Entretenimento:<\/strong> O evento ser\u00e1 uma celebra\u00e7\u00e3o da cultura liter\u00e1ria, atraindo n\u00e3o apenas leitores, mas tamb\u00e9m fam\u00edlias e crian\u00e7as.<\/li>\n<\/ul>\n<h2>D\u00favidas Frequentes sobre as Inscri\u00e7\u00f5es<\/h2>\n<p>Algumas perguntas comuns que surgem entre os interessados nas inscri\u00e7\u00f5es para a feira incluem:<\/p>\n<ul>\n<li><strong>\u00c9 necess\u00e1rio realizar o agendamento para a inscri\u00e7\u00e3o?<\/strong> N\u00e3o, as inscri\u00e7\u00f5es s\u00e3o feitas de forma presencial e podem ser realizadas sem agendamento pr\u00e9vio, por\u00e9m \u00e9 recomend\u00e1vel chegar cedo.<\/li>\n<li><strong>Posso vender produtos que n\u00e3o sejam livros?<\/strong> O foco do evento \u00e9 a literatura, portanto, a venda de produtos relacionados a livros \u00e9 incentivada.<\/li>\n<li><strong>Qual \u00e9 o desconto m\u00ednimo exigido?<\/strong> Todos os expositores devem oferecer um desconto de pelo menos 10% nos produtos.<\/li>\n<\/ul>\n<h2>O Papel da Secretaria de Cultura<\/h2>\n<p>A Secretaria de Cultura de Bauru \u00e9 a respons\u00e1vel pela organiza\u00e7\u00e3o e promo\u00e7\u00e3o do evento. Ela desempenha um papel fundamental na viabiliza\u00e7\u00e3o da feira, cuidando de todos os detalhes log\u00edsticos e de programa\u00e7\u00e3o, al\u00e9m de garantir que os expositores tenham todo o suporte necess\u00e1rio para a sua participa\u00e7\u00e3o.<\/p>\n<p>Esse suporte inclui a disponibiliza\u00e7\u00e3o de informa\u00e7\u00f5es detalhadas sobre o processo de inscri\u00e7\u00e3o e uma comunica\u00e7\u00e3o direta com a equipe organizadora para esclarecer quaisquer d\u00favidas que possam surgir.<\/p>\n<h2>Contato para Mais Informa\u00e7\u00f5es<\/h2>\n<p>Se voc\u00ea tem mais perguntas ou precisa de alguma informa\u00e7\u00e3o adicional, pode entrar em contato com a equipe da biblioteca atrav\u00e9s do e-mail <strong>bibliotecacentral@bauru.sp.gov.br<\/strong>. Tamb\u00e9m est\u00e1 dispon\u00edvel o telefone e WhatsApp (14) 3235-9352, onde voc\u00ea poder\u00e1 receber esclarecimentos sobre a inscri\u00e7\u00e3o e toda a programa\u00e7\u00e3o da feira.<\/p>\n<h2>Hist\u00f3rias de Sucesso de Expositores Anteriores<\/h2>\n<p>Diversos expositores que participaram de edi\u00e7\u00f5es anteriores da Feira do Livro compartilharam suas experi\u00eancias e os benef\u00edcios que extra\u00edram do evento. Muitos destacam o aumento nas vendas e a possibilidade de fazer contatos valiosos com outros profissionais do meio. Al\u00e9m disso, v\u00e1rias hist\u00f3rias inspiradoras surgiram de autores que, ap\u00f3s apresentarem suas obras na feira, conseguiram visibilidade e oportunidades de publica\u00e7\u00e3o em editoras.<\/p>\n<p>Esses relatos ressaltam n\u00e3o apenas o valor comercial do evento, mas tamb\u00e9m o seu impacto social, promovendo o h\u00e1bito da leitura e a intera\u00e7\u00e3o com a cultura liter\u00e1ria. Portanto, ser parte da 23\u00aa Feira do Livro de Bauru pode ser uma experi\u00eancia transformadora para autores e empreendedores do setor.<\/p>\n\n<div style=\"font-size: 0px; height: 0px; line-height: 0px; margin: 0; padding: 0; clear: both;\"><\/div>","protected":false},"excerpt":{"rendered":"<p>Inscri\u00e7\u00f5es para a 23\u00aa Feira do Livro est\u00e3o abertas at\u00e9 ter\u00e7a-feira. Participe!<\/p>\n","protected":false},"author":1,"featured_media":0,"comment_status":"open","ping_status":"closed","sticky":false,"template":"","format":"standard","meta":{"footnotes":""},"categories":[14],"tags":[],"class_list":["post-970","post","type-post","status-publish","format-standard","hentry","category-cultura-bauru"],"aioseo_notices":[],"_links":{"self":[{"href":"https:\/\/www.encontrabauru.com.br\/sobre\/wp-json\/wp\/v2\/posts\/970","targetHints":{"allow":["GET"]}}],"collection":[{"href":"https:\/\/www.encontrabauru.com.br\/sobre\/wp-json\/wp\/v2\/posts"}],"about":[{"href":"https:\/\/www.encontrabauru.com.br\/sobre\/wp-json\/wp\/v2\/types\/post"}],"author":[{"embeddable":true,"href":"https:\/\/www.encontrabauru.com.br\/sobre\/wp-json\/wp\/v2\/users\/1"}],"replies":[{"embeddable":true,"href":"https:\/\/www.encontrabauru.com.br\/sobre\/wp-json\/wp\/v2\/comments?post=970"}],"version-history":[{"count":0,"href":"https:\/\/www.encontrabauru.com.br\/sobre\/wp-json\/wp\/v2\/posts\/970\/revisions"}],"wp:attachment":[{"href":"https:\/\/www.encontrabauru.com.br\/sobre\/wp-json\/wp\/v2\/media?parent=970"}],"wp:term":[{"taxonomy":"category","embeddable":true,"href":"https:\/\/www.encontrabauru.com.br\/sobre\/wp-json\/wp\/v2\/categories?post=970"},{"taxonomy":"post_tag","embeddable":true,"href":"https:\/\/www.encontrabauru.com.br\/sobre\/wp-json\/wp\/v2\/tags?post=970"}],"curies":[{"name":"wp","href":"https:\/\/api.w.org\/{rel}","templated":true}]}}