{"id":862,"date":"2026-02-21T08:28:15","date_gmt":"2026-02-21T11:28:15","guid":{"rendered":"https:\/\/www.encontrabauru.com.br\/sobre\/secretaria-de-cultura-abre-inscricoes-de-expositores-para-a-23a-feira-do-livro\/"},"modified":"2026-02-21T08:28:15","modified_gmt":"2026-02-21T11:28:15","slug":"secretaria-de-cultura-abre-inscricoes-de-expositores-para-a-23a-feira-do-livro","status":"publish","type":"post","link":"https:\/\/www.encontrabauru.com.br\/sobre\/secretaria-de-cultura-abre-inscricoes-de-expositores-para-a-23a-feira-do-livro\/","title":{"rendered":"Secretaria de Cultura abre inscri\u00e7\u00f5es de expositores para a 23\u00aa Feira do Livro"},"content":{"rendered":"<div class=\"afac9f3eb9e49d7fc4d46fa627f8b2d3\" data-index=\"1\" style=\"float: none; margin:0px;\">\n<!-- Anuncio display - global -->\r\n<ins class=\"adsbygoogle\"\r\n     style=\"display:block\"\r\n     data-ad-client=\"ca-pub-8585364105181520\"\r\n     data-ad-slot=\"8789329856\"\r\n     data-ad-format=\"auto\"\r\n     data-full-width-responsive=\"true\"><\/ins>\r\n<script>\r\n     (adsbygoogle = window.adsbygoogle || []).push({});\r\n<\/script>\n<\/div>\n<h2>Data e Local da Feira do Livro<\/h2>\n<p>A 23\u00aa Feira do Livro de Bauru est\u00e1 programada para ocorrer entre os dias 13 e 17 de abril de 2026. O evento ser\u00e1 realizado no <strong>Centro Cultural \u2018Carlos Fernandes de Paiva\u2019<\/strong>, que oferece um espa\u00e7o adequado para a realiza\u00e7\u00e3o de atividades culturais e liter\u00e1rias.<\/p>\n<h2>Quem Pode Participar?<\/h2>\n<p>Esta feira \u00e9 aberta \u00e0 participa\u00e7\u00e3o de <strong>pessoas jur\u00eddicas e pessoas f\u00edsicas<\/strong>. A categoria de pessoas jur\u00eddicas inclui editoras, livrarias e sebos, enquanto pessoas f\u00edsicas podem ser autores ou artistas independentes. Todos est\u00e3o convidados a expor e vender seus produtos liter\u00e1rios, desfrutando de um desconto obrigat\u00f3rio m\u00ednimo de 10% sobre os pre\u00e7os.<\/p>\n<h2>Como Realizar a Inscri\u00e7\u00e3o<\/h2>\n<p>Os interessados em participar devem realizar sua inscri\u00e7\u00e3o presencialmente na <strong>Biblioteca Rodrigues de Abreu<\/strong>, localizada na Avenida Na\u00e7\u00f5es Unidas, 8-9, no centro de Bauru. As inscri\u00e7\u00f5es estar\u00e3o abertas a partir do <strong>dia 24 de fevereiro at\u00e9 24 de mar\u00e7o<\/strong>. O hor\u00e1rio para entrega da documenta\u00e7\u00e3o necess\u00e1ria \u00e9 de segunda a sexta-feira, das 8h \u00e0s 16h30.<\/p>\n<h2>Documentos Necess\u00e1rios para Inscri\u00e7\u00e3o<\/h2>\n<p>Ao realizar a inscri\u00e7\u00e3o, os participantes devem apresentar documentos conforme especificado no edital. \u00c9 essencial trazer documentos que atestem a condi\u00e7\u00e3o de expositor, seja como pessoa jur\u00eddica ou f\u00edsica, al\u00e9m de qualquer documenta\u00e7\u00e3o adicional exigida pela comiss\u00e3o organizadora.<\/p>\n<h2>Detalhes sobre a Feira do Livro<\/h2>\n<p>A 23\u00aa edi\u00e7\u00e3o da Feira do Livro promete ser um grande evento, recheado de atividades e oportunidades para todos os amantes da literatura. Autores locais estar\u00e3o presentes para aut\u00f3grafos e palestras. Al\u00e9m disso, a feira contar\u00e1 com v\u00e1rias atra\u00e7\u00f5es que prometem agradar o p\u00fablico.<\/p>\n<h2>Atra\u00e7\u00f5es e Atividades na Feira<\/h2>\n<p>O evento n\u00e3o se limita apenas \u00e0 comercializa\u00e7\u00e3o de livros. Haver\u00e1 conta\u00e7\u00f5es de hist\u00f3rias, apresenta\u00e7\u00f5es art\u00edsticas com atra\u00e7\u00f5es circenses e shows musicais. Essas atividades s\u00e3o uma maneira de envolver a comunidade e promover a cultura liter\u00e1ria na regi\u00e3o, tornando a feira uma excelente oportunidade para o fomento \u00e0 leitura.<\/p>\n<h2>Contato e Informa\u00e7\u00f5es Adicionais<\/h2>\n<p>Os organizadores est\u00e3o dispon\u00edveis para esclarecer d\u00favidas atrav\u00e9s do e-mail <strong>bibliotecacentral@bauru.sp.gov.br<\/strong> ou pelo telefone e WhatsApp <strong>(14) 3235-9352<\/strong>. \u00c9 recomend\u00e1vel que os interessados busquem mais informa\u00e7\u00f5es antes de se inscrever para garantir que t\u00eam todos os documentos necess\u00e1rios e entendem todos os detalhes do evento.<\/p>\n<h2>Import\u00e2ncia da Literatura na Cultura Local<\/h2>\n<p>A literatura exerce um papel vital na forma\u00e7\u00e3o cultural de qualquer sociedade. Em Bauru, a Feira do Livro se destaca como um polo de incentivo \u00e0 leitura e ao conhecimento. Promover o acesso a livros e autores \u00e9 fundamental para a educa\u00e7\u00e3o e o engajamento cultural da popula\u00e7\u00e3o.<\/p>\n<h2>Oportunidades para Autores Independentes<\/h2>\n<p>Os autores independentes t\u00eam uma \u00f3tima chance de mostrar seu trabalho e conquistar novos leitores. A feira proporciona um espa\u00e7o \u00fanico para que esses escritores possam divulgar suas obras e interagir diretamente com o p\u00fablico, potencialmente aumentando suas vendas e visibilidade no mercado liter\u00e1rio.<\/p>\n<h2>Dicas para uma Boa Exposi\u00e7\u00e3o<\/h2>\n<p>Para maximizar a experi\u00eancia na Feira do Livro, \u00e9 importante que os expositores considerem algumas estrat\u00e9gias:<\/p>\n<ul>\n<li><strong>Crie um estande atraente:<\/strong> Um espa\u00e7o visualmente agrad\u00e1vel e bem organizado atrai mais visitantes.<\/li>\n<li><strong>Tenha materiais promocionais:<\/strong> Prepare cart\u00f5es de visita e folhetos para distribuir.<\/li>\n<li><strong>Interaja com o p\u00fablico:<\/strong> Seja acess\u00edvel e converse com os visitantes sobre suas obras.<\/li>\n<li><strong>Ofere\u00e7a promo\u00e7\u00f5es:<\/strong> Um desconto pode incentivar mais vendas e atrair novos leitores.<\/li>\n<li><strong>Participe de palestras:<\/strong> Se poss\u00edvel, ore introdu\u00e7\u00f5es sobre suas obras ou participe de discuss\u00f5es.<\/li>\n<\/ul>\n\n<div style=\"font-size: 0px; height: 0px; line-height: 0px; margin: 0; padding: 0; clear: both;\"><\/div>","protected":false},"excerpt":{"rendered":"<p>Inscri\u00e7\u00f5es para a 23\u00aa Feira do Livro em Bauru est\u00e3o abertas! Venha participar.<\/p>\n","protected":false},"author":1,"featured_media":0,"comment_status":"open","ping_status":"closed","sticky":false,"template":"","format":"standard","meta":{"footnotes":""},"categories":[14],"tags":[],"class_list":["post-862","post","type-post","status-publish","format-standard","hentry","category-cultura-bauru"],"aioseo_notices":[],"_links":{"self":[{"href":"https:\/\/www.encontrabauru.com.br\/sobre\/wp-json\/wp\/v2\/posts\/862","targetHints":{"allow":["GET"]}}],"collection":[{"href":"https:\/\/www.encontrabauru.com.br\/sobre\/wp-json\/wp\/v2\/posts"}],"about":[{"href":"https:\/\/www.encontrabauru.com.br\/sobre\/wp-json\/wp\/v2\/types\/post"}],"author":[{"embeddable":true,"href":"https:\/\/www.encontrabauru.com.br\/sobre\/wp-json\/wp\/v2\/users\/1"}],"replies":[{"embeddable":true,"href":"https:\/\/www.encontrabauru.com.br\/sobre\/wp-json\/wp\/v2\/comments?post=862"}],"version-history":[{"count":0,"href":"https:\/\/www.encontrabauru.com.br\/sobre\/wp-json\/wp\/v2\/posts\/862\/revisions"}],"wp:attachment":[{"href":"https:\/\/www.encontrabauru.com.br\/sobre\/wp-json\/wp\/v2\/media?parent=862"}],"wp:term":[{"taxonomy":"category","embeddable":true,"href":"https:\/\/www.encontrabauru.com.br\/sobre\/wp-json\/wp\/v2\/categories?post=862"},{"taxonomy":"post_tag","embeddable":true,"href":"https:\/\/www.encontrabauru.com.br\/sobre\/wp-json\/wp\/v2\/tags?post=862"}],"curies":[{"name":"wp","href":"https:\/\/api.w.org\/{rel}","templated":true}]}}