{"id":821,"date":"2026-02-12T08:42:42","date_gmt":"2026-02-12T11:42:42","guid":{"rendered":"https:\/\/www.encontrabauru.com.br\/sobre\/cpt-sp-faz-defesa-da-moradia-digna-e-pauta-diligencia-no-mp-e-audiencia-na-secretaria-de-habitacao-em-bauru-sp\/"},"modified":"2026-02-12T08:42:42","modified_gmt":"2026-02-12T11:42:42","slug":"cpt-sp-faz-defesa-da-moradia-digna-e-pauta-diligencia-no-mp-e-audiencia-na-secretaria-de-habitacao-em-bauru-sp","status":"publish","type":"post","link":"https:\/\/www.encontrabauru.com.br\/sobre\/cpt-sp-faz-defesa-da-moradia-digna-e-pauta-diligencia-no-mp-e-audiencia-na-secretaria-de-habitacao-em-bauru-sp\/","title":{"rendered":"CPT SP faz defesa da moradia digna e pauta dilig\u00eancia no MP e audi\u00eancia na Secretaria de Habita\u00e7\u00e3o em Bauru (SP)"},"content":{"rendered":"<div class=\"afac9f3eb9e49d7fc4d46fa627f8b2d3\" data-index=\"1\" style=\"float: none; margin:0px;\">\n<!-- Anuncio display - global -->\r\n<ins class=\"adsbygoogle\"\r\n     style=\"display:block\"\r\n     data-ad-client=\"ca-pub-8585364105181520\"\r\n     data-ad-slot=\"8789329856\"\r\n     data-ad-format=\"auto\"\r\n     data-full-width-responsive=\"true\"><\/ins>\r\n<script>\r\n     (adsbygoogle = window.adsbygoogle || []).push({});\r\n<\/script>\n<\/div>\n<h2>O papel da CPT na defesa da moradia<\/h2>\n<p>A Comiss\u00e3o Pastoral da Terra (CPT) tem atuado de forma intensa na luta pela moradia digna, reconhecendo esse direito como fundamental para a vida humana e para a justi\u00e7a social. A CPT, por meio de suas a\u00e7\u00f5es e articula\u00e7\u00f5es, busca empoderar comunidades e oferecer suporte jur\u00eddico e social \u00e0s popula\u00e7\u00f5es vulner\u00e1veis, especialmente aquelas que enfrentam a inseguran\u00e7a habitacional. Atrav\u00e9s de di\u00e1logos com lideran\u00e7as locais e movimentos populares, a CPT se torna um elo entre as comunidades e as institui\u00e7\u00f5es governamentais, promovendo discuss\u00f5es e reivindica\u00e7\u00f5es pertinentes ao direito \u00e0 moradia.<\/p>\n<h2>A dilig\u00eancia no Minist\u00e9rio P\u00fablico<\/h2>\n<p>No dia 10 de fevereiro, a CPT S\u00e3o Paulo, junto a representantes de movimentos sociais e pastorais, fez uma dilig\u00eancia no Minist\u00e9rio P\u00fablico. Este encontro teve como objetivo primordial a defesa das fam\u00edlias que habitam a Ocupa\u00e7\u00e3o Acampamento Alian\u00e7a, localizada em Bauru. Durante essa atividade, os participantes expuseram as condi\u00e7\u00f5es de vida das mais de mil fam\u00edlias que residem no acampamento e a necessidade urgente de medidas que garantam moradia digna e segura.<\/p>\n<h2>Participa\u00e7\u00e3o de lideran\u00e7as populares<\/h2>\n<p>O evento contou com a presen\u00e7a de diversas lideran\u00e7as, incluindo Maur\u00edcio Cunha e Eduardo de Macedo da CPT S\u00e3o Paulo, assim como representantes do MST e da Rede Nacional de Advogadas e Advogados Populares (Renap). A diversidade de vozes e a uni\u00e3o de esfor\u00e7os foram fundamentais para fortalecer a mensagem e reivindica\u00e7\u00e3o central para a regulariza\u00e7\u00e3o fundi\u00e1ria da \u00e1rea. O apoio de figuras locais importantes traz visibilidade e refor\u00e7a a legitimidade das demandas apresentadas.<\/p>\n<p><img decoding=\"async\" src=\"https:\/\/www.encontrabauru.com.br\/sobre\/wp-content\/uploads\/2026\/02\/cpt-sp-faz-defesa-da-moradia-digna-e-pauta-diligencia-no-mp-e-audiencia-na-secretaria-de-habitacao-e.webp\" alt=\"moradia digna\" loading=\"lazy\" \/><\/p>\n<h2>Medidas jur\u00eddicas para prote\u00e7\u00e3o das fam\u00edlias<\/h2>\n<p>Durante a dilig\u00eancia, foram abordadas estrat\u00e9gias e a\u00e7\u00f5es jur\u00eddicas que visam proteger os direitos das fam\u00edlias da Ocupa\u00e7\u00e3o Acampamento Alian\u00e7a. Entre os principais pontos discutidos, destacaram-se a import\u00e2ncia de prevenir despejos e buscar alternativas que garantam a perman\u00eancia das fam\u00edlias em seus lares. Este compromisso legal \u00e9 crucial para assegurar que a vulnerabilidade n\u00e3o se transforme em continuidade de precariedade e exclus\u00e3o social.<\/p>\n<h2>A situa\u00e7\u00e3o da Ocupa\u00e7\u00e3o Acampamento Alian\u00e7a<\/h2>\n<p>A Ocupa\u00e7\u00e3o Acampamento Alian\u00e7a, coordenada pelo MST, enfrenta um cen\u00e1rio de inseguran\u00e7a e desafios constantes. As mais de mil fam\u00edlias que residem nessa ocupa\u00e7\u00e3o est\u00e3o em busca de reconhecimento e dignidade. A CPT e outras organiza\u00e7\u00f5es t\u00eam trabalhado arduamente para dar voz a esses moradores, ressaltando que o direito \u00e0 moradia \u00e9 um aspecto central da dignidade humana. Medidas urgentes s\u00e3o necess\u00e1rias para prover a infraestrutura e condi\u00e7\u00f5es de vida adequadas, permitindo que cada fam\u00edlia viva com dignidade e seguran\u00e7a.<\/p>\n<h2>Reuni\u00e3o com a Secretaria de Habita\u00e7\u00e3o<\/h2>\n<p>Ap\u00f3s a dilig\u00eancia, o pr\u00f3ximo passo foi uma audi\u00eancia na Secretaria de Habita\u00e7\u00e3o de Bauru. Nesta reuni\u00e3o, estavam presentes membros da coordena\u00e7\u00e3o do Acampamento Alian\u00e7a, al\u00e9m de representantes da Pastoral da Ecologia. A receber o grupo, a secret\u00e1ria municipal de habita\u00e7\u00e3o, T\u00e1bata Ribeiro, se comprometeu a ouvir as demandas e a buscar solu\u00e7\u00f5es vi\u00e1veis para a regulariza\u00e7\u00e3o fundi\u00e1ria, que \u00e9 a principal reivindica\u00e7\u00e3o das fam\u00edlias. Este contato \u00e9 vital para estabelecer um canal cont\u00ednuo e construtivo entre a popula\u00e7\u00e3o e as autoridades.<\/p>\n<h2>Testemunhos dos representantes<\/h2>\n<p>Durante a reuni\u00e3o, os representantes das fam\u00edlias apresentaram relatos emocionantes sobre suas lutas e desafios di\u00e1rios. A urg\u00eancia pela regulariza\u00e7\u00e3o fundi\u00e1ria foi ressaltada como um caminho essencial n\u00e3o apenas para garantir a seguran\u00e7a jur\u00eddica, mas tamb\u00e9m para proporcionar melhores condi\u00e7\u00f5es de vida \u00e0 comunidade. O reconhecimento do direito \u00e0 moradia vai al\u00e9m do aspecto legal; ele \u00e9 um passo vital para garantir dignidade e qualidade de vida a todas as pessoas afetadas.<\/p>\n<h2>Compromissos firmados na audi\u00eancia<\/h2>\n<p>A secret\u00e1ria de habita\u00e7\u00e3o, T\u00e1bata Ribeiro, assumiu diversos compromissos durante a audi\u00eancia. Entre eles, destaca-se a promessa de concluir as liga\u00e7\u00f5es de energia el\u00e9trica na Ocupa\u00e7\u00e3o Acampamento Alian\u00e7a, bem como a continua\u00e7\u00e3o do levantamento das pol\u00edticas p\u00fablicas que poderiam ser implementadas para melhorar a qualidade de vida dos moradores. Esses compromissos s\u00e3o um sinal positivo e indicam que as reivindica\u00e7\u00f5es est\u00e3o sendo consideradas seriamente.<\/p>\n<h2>Import\u00e2ncia da regulariza\u00e7\u00e3o fundi\u00e1ria<\/h2>\n<p>A regulariza\u00e7\u00e3o fundi\u00e1ria \u00e9 um tema central na luta pela moradia digna. Ele envolve a formaliza\u00e7\u00e3o da posse de terras e a garantia de direitos de propriedade, que s\u00e3o fundamentais para a seguran\u00e7a das fam\u00edlias. Sem essa regulariza\u00e7\u00e3o, as fam\u00edlias ficam em constante risco de despejo e inseguran\u00e7a, o que perpetua ciclos de vulnerabilidade. Portanto, a luta pela regulariza\u00e7\u00e3o n\u00e3o \u00e9 apenas uma quest\u00e3o t\u00e9cnica, mas uma quest\u00e3o de dignidade e direitos humanos.<\/p>\n<h2>A luta pela dignidade como direito constitucional<\/h2>\n<p>A defesa do direito \u00e0 moradia digna e segura est\u00e1 alicer\u00e7ada na Constitui\u00e7\u00e3o brasileira, que estabelece que todos t\u00eam direito \u00e0 habita\u00e7\u00e3o. Este \u00e9 um direito fundamental que deve ser garantido a todos, sem discrimina\u00e7\u00e3o. A CPT, junto com outros movimentos sociais, continua sua luta incans\u00e1vel para garantir que as vozes das comunidades vulner\u00e1veis sejam ouvidas e que suas necessidades sejam atendidas pelo Estado, reafirmando que a dignidade \u00e9 um direito inalien\u00e1vel de cada cidad\u00e3o. Assim, a luta pela moradia digna \u00e9, em \u00faltima an\u00e1lise, uma luta por justi\u00e7a social e igualdade.<\/p>\n\n<div style=\"font-size: 0px; height: 0px; line-height: 0px; margin: 0; padding: 0; clear: both;\"><\/div>","protected":false},"excerpt":{"rendered":"<p>Moradia digna \u00e9 o foco da CPT S\u00e3o Paulo em audi\u00eancia e dilig\u00eancia.<\/p>\n","protected":false},"author":1,"featured_media":820,"comment_status":"open","ping_status":"closed","sticky":false,"template":"","format":"standard","meta":{"footnotes":""},"categories":[21],"tags":[],"class_list":["post-821","post","type-post","status-publish","format-standard","has-post-thumbnail","hentry","category-noticias-bauru","has_thumb"],"aioseo_notices":[],"_links":{"self":[{"href":"https:\/\/www.encontrabauru.com.br\/sobre\/wp-json\/wp\/v2\/posts\/821","targetHints":{"allow":["GET"]}}],"collection":[{"href":"https:\/\/www.encontrabauru.com.br\/sobre\/wp-json\/wp\/v2\/posts"}],"about":[{"href":"https:\/\/www.encontrabauru.com.br\/sobre\/wp-json\/wp\/v2\/types\/post"}],"author":[{"embeddable":true,"href":"https:\/\/www.encontrabauru.com.br\/sobre\/wp-json\/wp\/v2\/users\/1"}],"replies":[{"embeddable":true,"href":"https:\/\/www.encontrabauru.com.br\/sobre\/wp-json\/wp\/v2\/comments?post=821"}],"version-history":[{"count":0,"href":"https:\/\/www.encontrabauru.com.br\/sobre\/wp-json\/wp\/v2\/posts\/821\/revisions"}],"wp:featuredmedia":[{"embeddable":true,"href":"https:\/\/www.encontrabauru.com.br\/sobre\/wp-json\/wp\/v2\/media\/820"}],"wp:attachment":[{"href":"https:\/\/www.encontrabauru.com.br\/sobre\/wp-json\/wp\/v2\/media?parent=821"}],"wp:term":[{"taxonomy":"category","embeddable":true,"href":"https:\/\/www.encontrabauru.com.br\/sobre\/wp-json\/wp\/v2\/categories?post=821"},{"taxonomy":"post_tag","embeddable":true,"href":"https:\/\/www.encontrabauru.com.br\/sobre\/wp-json\/wp\/v2\/tags?post=821"}],"curies":[{"name":"wp","href":"https:\/\/api.w.org\/{rel}","templated":true}]}}