{"id":803,"date":"2026-02-08T08:49:31","date_gmt":"2026-02-08T11:49:31","guid":{"rendered":"https:\/\/www.encontrabauru.com.br\/sobre\/familia-procura-homem-desaparecido-apos-sair-de-casa-para-caminhar-em-bauru\/"},"modified":"2026-02-08T08:49:31","modified_gmt":"2026-02-08T11:49:31","slug":"familia-procura-homem-desaparecido-apos-sair-de-casa-para-caminhar-em-bauru","status":"publish","type":"post","link":"https:\/\/www.encontrabauru.com.br\/sobre\/familia-procura-homem-desaparecido-apos-sair-de-casa-para-caminhar-em-bauru\/","title":{"rendered":"Fam\u00edlia procura homem desaparecido ap\u00f3s sair de casa para caminhar em Bauru"},"content":{"rendered":"<div class=\"afac9f3eb9e49d7fc4d46fa627f8b2d3\" data-index=\"1\" style=\"float: none; margin:0px;\">\n<!-- Anuncio display - global -->\r\n<ins class=\"adsbygoogle\"\r\n     style=\"display:block\"\r\n     data-ad-client=\"ca-pub-8585364105181520\"\r\n     data-ad-slot=\"8789329856\"\r\n     data-ad-format=\"auto\"\r\n     data-full-width-responsive=\"true\"><\/ins>\r\n<script>\r\n     (adsbygoogle = window.adsbygoogle || []).push({});\r\n<\/script>\n<\/div>\n<h2>O que aconteceu com Rafael de Freitas?<\/h2>\n<p>Rafael de Freitas, um homem de 46 anos, desapareceu na noite de quinta-feira (5), enquanto saiu para dar uma caminhada em Bauru, S\u00e3o Paulo. Este caso gerou preocupa\u00e7\u00f5es significativas na sua fam\u00edlia e na comunidade, que agora se mobiliza para encontr\u00e1-lo. As \u00faltimas informa\u00e7\u00f5es apontam que o desaparecimento ocorreu ap\u00f3s ele sair de casa sem um aviso pr\u00e9vio.<\/p>\n<h2>Detalhes do desaparecimento em Bauru<\/h2>\n<p>A irm\u00e3 de Rafael relatou que o irm\u00e3o est\u00e1 enfrentando um per\u00edodo complicado em sua vida e faz acompanhamento psicol\u00f3gico e psiqui\u00e1trico. Segundo ela, Rafael j\u00e1 tinha passado por uma situa\u00e7\u00e3o traum\u00e1tica, que o deixava bastante inseguro. O \u00faltimo avistamento de Rafael foi naquela noite, e ele saiu vestido apenas com bermuda, camiseta e t\u00eanis.<\/p>\n<h2>Impacto do assalto recente na vida de Rafael<\/h2>\n<p>Um evento marcante que contribuiu para a situa\u00e7\u00e3o de Rafael foi um assalto que ele sofreu no dia 25 de janeiro. Durante esse incidente, os assaltantes levaram seu carro e diversos documentos. Desde ent\u00e3o, Rafael demonstra sinais de ansiedade, incluindo temor de que os criminosos possam busc\u00e1-lo novamente. Esse medo pode ter influenciado diretamente sua decis\u00e3o de sair de casa naquela noite.<\/p>\n<p><img decoding=\"async\" src=\"https:\/\/www.encontrabauru.com.br\/sobre\/wp-content\/uploads\/2026\/02\/familia-procura-homem-desaparecido-apos-sair-de-casa-para-caminhar-em-bauru.webp\" alt=\"desaparecimento em Bauru\" loading=\"lazy\" \/><\/p>\n<h2>Rea\u00e7\u00e3o da fam\u00edlia ao desaparecimento<\/h2>\n<p>A fam\u00edlia de Rafael est\u00e1 em alerta m\u00e1ximo e realizando buscas em diversas \u00e1reas ao redor de Bauru. Eles expressam a necessidade e a esperan\u00e7a de que algu\u00e9m que tenha informa\u00e7\u00f5es a respeito do paradeiro dele possa se manifestar. A ang\u00fastia e o medo demonstrados pela fam\u00edlia refletem a preocupa\u00e7\u00e3o com o bem-estar de Rafael, e eles est\u00e3o motivados a fazer o que for preciso para encontr\u00e1-lo.<\/p>\n<h2>Como a comunidade pode ajudar<\/h2>\n<p>A participa\u00e7\u00e3o da comunidade \u00e9 crucial neste momento. Informa\u00e7\u00f5es que possam levar ao local onde Rafael pode estar s\u00e3o fundamentais. A fam\u00edlia solicita que qualquer pessoa que tenha visto Rafael ou que tenha qualquer outro tipo de informa\u00e7\u00e3o entre em contato com os n\u00fameros de emerg\u00eancia dispon\u00edveis. Os n\u00fameros 181 e 190 est\u00e3o dispon\u00edveis para quem deseja relatar avistamentos ou outros dados relevantes, contribuindo assim na busca pelo homem desaparecido.<\/p>\n<h2>Informa\u00e7\u00f5es sobre o controle psicol\u00f3gico<\/h2>\n<p>O acompanhamento psicol\u00f3gico e psiqui\u00e1trico que Rafael recebe \u00e9 essencial, considerando a fase delicada pela qual ele est\u00e1 passando. O suporte emocional pode ajudar indiv\u00edduos que enfrentam traumas a lidarem com seus medos e ansiedades. Assist\u00eancia como esta \u00e9 crucial para o bem-estar mental, especialmente em casos onde a pessoa pode sentir-se amea\u00e7ada ou insegura.<\/p>\n<h2>Poss\u00edveis locais onde Rafael pode estar<\/h2>\n<p>Embora as buscas estejam concentradas em Bauru, h\u00e1 v\u00e1rias \u00e1reas nas proximidades onde Rafael poderia ter ido. \u00c9 importante considerar locais conhecidos por Rafael, como parques, \u00e1reas de lazer ou at\u00e9 mesmo lugares que ele costumava frequentar antes do assalto. Essas informa\u00e7\u00f5es podem ajudar a afunilar os esfor\u00e7os de busca e aumentar as chances de encontr\u00e1-lo com vida.<\/p>\n<h2>Recursos para ajudar a encontrar desaparecidos<\/h2>\n<p>Existem diversos recursos dispon\u00edveis que podem ser acionados em situa\u00e7\u00f5es de desaparecimento, como ONGs e grupos de busca organizados. A mobiliza\u00e7\u00e3o nas redes sociais tem mostrado resultados positivos, permitindo alcan\u00e7ar um maior n\u00famero de pessoas. Vivemos uma era em que plataformas digitais permitem que informa\u00e7\u00f5es sejam compartilhadas rapidamente, aumentando as chances de que algu\u00e9m tenha visto Rafael e possa oferecer alguma pista.<\/p>\n<h2>O papel da pol\u00edcia no caso<\/h2>\n<p>A pol\u00edcia j\u00e1 est\u00e1 investigando o desaparecimento de Rafael. A atua\u00e7\u00e3o policial \u00e9 fundamental n\u00e3o apenas para apoiar a fam\u00edlia, mas tamb\u00e9m para tentar identificar qualquer nova pista relacionada ao caso. O registro formal do desaparecimento garante que as autoridades possam empreender esfor\u00e7os adicionais na busca por ele e potencialmente investigar o assalto anterior que pode estar conectado ao desaparecimento.<\/p>\n<h2>Pr\u00f3ximos passos para a fam\u00edlia de Rafael<\/h2>\n<p>A fam\u00edlia de Rafael tem se mobilizado ativamente, buscando apoio n\u00e3o s\u00f3 de amigos e vizinhos, mas tamb\u00e9m de entidades que ajudam em casos de desaparecimento. Os pr\u00f3ximos passos incluem a continuidade das buscas, a divulga\u00e7\u00e3o de sua imagem e dados nas redes sociais, e a poss\u00edvel intermedia\u00e7\u00e3o de autoridades que possam ajudar a encontrar Rafael. A esperan\u00e7a \u00e9 que, em breve, a fam\u00edlia receba not\u00edcias de Rafael e que ele retorne para casa em seguran\u00e7a.<\/p>\n\n<div style=\"font-size: 0px; height: 0px; line-height: 0px; margin: 0; padding: 0; clear: both;\"><\/div>","protected":false},"excerpt":{"rendered":"<p>Descubra os detalhes do desaparecimento do homem em Bauru e ajude a encontr\u00e1-lo.<\/p>\n","protected":false},"author":1,"featured_media":802,"comment_status":"open","ping_status":"closed","sticky":false,"template":"","format":"standard","meta":{"footnotes":""},"categories":[21],"tags":[],"class_list":["post-803","post","type-post","status-publish","format-standard","has-post-thumbnail","hentry","category-noticias-bauru","has_thumb"],"aioseo_notices":[],"_links":{"self":[{"href":"https:\/\/www.encontrabauru.com.br\/sobre\/wp-json\/wp\/v2\/posts\/803","targetHints":{"allow":["GET"]}}],"collection":[{"href":"https:\/\/www.encontrabauru.com.br\/sobre\/wp-json\/wp\/v2\/posts"}],"about":[{"href":"https:\/\/www.encontrabauru.com.br\/sobre\/wp-json\/wp\/v2\/types\/post"}],"author":[{"embeddable":true,"href":"https:\/\/www.encontrabauru.com.br\/sobre\/wp-json\/wp\/v2\/users\/1"}],"replies":[{"embeddable":true,"href":"https:\/\/www.encontrabauru.com.br\/sobre\/wp-json\/wp\/v2\/comments?post=803"}],"version-history":[{"count":0,"href":"https:\/\/www.encontrabauru.com.br\/sobre\/wp-json\/wp\/v2\/posts\/803\/revisions"}],"wp:featuredmedia":[{"embeddable":true,"href":"https:\/\/www.encontrabauru.com.br\/sobre\/wp-json\/wp\/v2\/media\/802"}],"wp:attachment":[{"href":"https:\/\/www.encontrabauru.com.br\/sobre\/wp-json\/wp\/v2\/media?parent=803"}],"wp:term":[{"taxonomy":"category","embeddable":true,"href":"https:\/\/www.encontrabauru.com.br\/sobre\/wp-json\/wp\/v2\/categories?post=803"},{"taxonomy":"post_tag","embeddable":true,"href":"https:\/\/www.encontrabauru.com.br\/sobre\/wp-json\/wp\/v2\/tags?post=803"}],"curies":[{"name":"wp","href":"https:\/\/api.w.org\/{rel}","templated":true}]}}