{"id":739,"date":"2026-01-28T08:43:31","date_gmt":"2026-01-28T11:43:31","guid":{"rendered":"https:\/\/www.encontrabauru.com.br\/sobre\/bauru-avanca-nas-tratativas-para-implantacao-do-centro-tea-no-municipio\/"},"modified":"2026-01-28T08:43:31","modified_gmt":"2026-01-28T11:43:31","slug":"bauru-avanca-nas-tratativas-para-implantacao-do-centro-tea-no-municipio","status":"publish","type":"post","link":"https:\/\/www.encontrabauru.com.br\/sobre\/bauru-avanca-nas-tratativas-para-implantacao-do-centro-tea-no-municipio\/","title":{"rendered":"Bauru avan\u00e7a nas tratativas para implanta\u00e7\u00e3o do Centro TEA no munic\u00edpio"},"content":{"rendered":"<div class=\"afac9f3eb9e49d7fc4d46fa627f8b2d3\" data-index=\"1\" style=\"float: none; margin:0px;\">\n<!-- Anuncio display - global -->\r\n<ins class=\"adsbygoogle\"\r\n     style=\"display:block\"\r\n     data-ad-client=\"ca-pub-8585364105181520\"\r\n     data-ad-slot=\"8789329856\"\r\n     data-ad-format=\"auto\"\r\n     data-full-width-responsive=\"true\"><\/ins>\r\n<script>\r\n     (adsbygoogle = window.adsbygoogle || []).push({});\r\n<\/script>\n<\/div>\n<h2>O que \u00e9 o Centro TEA?<\/h2>\n<p>O Centro TEA, ou Centro de Tratamento e Atendimento ao Transtorno do Espectro Autista, \u00e9 uma iniciativa do Governo do Estado de S\u00e3o Paulo, que visa oferecer suporte especializado a indiv\u00edduos com Transtorno do Espectro Autista (TEA). Este projeto j\u00e1 se encontra em opera\u00e7\u00e3o na cidade de S\u00e3o Paulo e busca expandir seus servi\u00e7os para outras localidades, como Bauru, a fim de atender uma demanda crescente por interven\u00e7\u00f5es adequadas e personalizadas.<\/p>\n<h2>Objetivos do Centro TEA em Bauru<\/h2>\n<p>Os principais objetivos da instala\u00e7\u00e3o do Centro TEA em Bauru incluem:<\/p>\n<ul>\n<li><strong>Amplia\u00e7\u00e3o do atendimento:<\/strong> Oferecer servi\u00e7os especializados para crian\u00e7as e adultos com TEA, buscando atender a diversidade das necessidades de cada indiv\u00edduo.<\/li>\n<li><strong>Promo\u00e7\u00e3o da inclus\u00e3o:<\/strong> Trabalhar para a inclus\u00e3o social e educacional das pessoas com TEA no ambiente comunit\u00e1rio.<\/li>\n<li><strong>Treinamento e capacita\u00e7\u00e3o:<\/strong> Proporcionar forma\u00e7\u00e3o cont\u00ednua para profissionais que lidam diretamente com o p\u00fablico autista.<\/li>\n<li><strong>Pesquisa e desenvolvimento:<\/strong> Contribuir para a pesquisa e cria\u00e7\u00e3o de novas abordagens terap\u00eauticas e educacionais que atendam melhor esta popula\u00e7\u00e3o.<\/li>\n<\/ul>\n<h2>Import\u00e2ncia da Implementa\u00e7\u00e3o<\/h2>\n<p>A cria\u00e7\u00e3o do Centro TEA em Bauru \u00e9 crucial para a cidade, pois:<\/p>\n<p><img decoding=\"async\" src=\"https:\/\/www.encontrabauru.com.br\/sobre\/wp-content\/uploads\/2026\/01\/bauru-avanca-nas-tratativas-para-implantacao-do-centro-tea-no-municipio.webp\" alt=\"Centro TEA em Bauru\" loading=\"lazy\" \/><\/p>\n<ul>\n<li><strong>Atende a uma demanda local:<\/strong> Muitas fam\u00edlias na regi\u00e3o precisam de apoio especializado, e a cria\u00e7\u00e3o desse centro pode aliviar a press\u00e3o sobre os servi\u00e7os existentes.<\/li>\n<li><strong>Integra\u00e7\u00e3o de servi\u00e7os:<\/strong> Facilita a colabora\u00e7\u00e3o entre diferentes \u00e1reas, como sa\u00fade, educa\u00e7\u00e3o e assist\u00eancia social, promovendo um atendimento mais completo.<\/li>\n<li><strong>Educa\u00e7\u00e3o e conscientiza\u00e7\u00e3o:<\/strong> A implementa\u00e7\u00e3o do Centro TEA vai al\u00e9m do atendimento; tamb\u00e9m visa educar a sociedade sobre o TEA e promover a compreens\u00e3o e aceita\u00e7\u00e3o.<\/li>\n<\/ul>\n<h2>Envolvimento da Prefeitura e Estado<\/h2>\n<p>A Prefeitura de Bauru, em parceria com o Governo do Estado, est\u00e1 engajada em tornar esta iniciativa uma realidade. Na reuni\u00e3o recente, onde esteve presente o secret\u00e1rio de Estado da Pessoa com Defici\u00eancia, Marcos da Costa, foram discutidos aspectos t\u00e9cnicos e log\u00edsticos para a implementa\u00e7\u00e3o do projeto no munic\u00edpio. A prefeitura demonstrou seu comprometimento com a a\u00e7\u00e3o e a necessidade de investimento na infraestrutura e forma\u00e7\u00e3o de profissionais para garantir a efic\u00e1cia do centro.<\/p>\n<h2>Diretrizes do Projeto<\/h2>\n<p>Para assegurar que o Centro TEA funcione eficientemente, algumas diretrizes ser\u00e3o seguidas:<\/p>\n<ul>\n<li><strong>Avalia\u00e7\u00e3o cont\u00ednua:<\/strong> Monitorar e avaliar a efic\u00e1cia das abordagens utilizadas no atendimento e a satisfa\u00e7\u00e3o das fam\u00edlias.<\/li>\n<li><strong>Multidisciplinaridade:<\/strong> Contar com uma equipe diversificada, incluindo psic\u00f3logos, terapeutas ocupacionais, fonoaudi\u00f3logos e pedagogos.<\/li>\n<li><strong>Atendimento personalizado:<\/strong> Cada usu\u00e1rio ser\u00e1 visto como um indiv\u00edduo \u00fanico, com um plano de atendimento customizado para suas necessidades espec\u00edficas.<\/li>\n<li><strong>Parcerias estrat\u00e9gicas:<\/strong> Buscar parcerias com institui\u00e7\u00f5es educacionais e de sa\u00fade para ampliar os recursos dispon\u00edveis.<\/li>\n<\/ul>\n<h2>Espa\u00e7os Destinados ao Atendimento<\/h2>\n<p>Um dos pontos discutidos durante a reuni\u00e3o foi a identifica\u00e7\u00e3o dos locais apropriados para a instala\u00e7\u00e3o do Centro TEA. A escolha do espa\u00e7o envolve<\/p>\n<ul>\n<li><strong>Acessibilidade:<\/strong> Considerar a facilidade de acesso para todas as fam\u00edlias que necessitam do atendimento.<\/li>\n<li><strong>Ambiente acolhedor:<\/strong> Criar um espa\u00e7o que seja confort\u00e1vel e estimulante para as pessoas com TEA.<\/li>\n<li><strong>Infraestrutura adequada:<\/strong> Assegurar que o espa\u00e7o possua os equipamentos e recursos necess\u00e1rios para proporcionar terapias e atividades especializadas.<\/li>\n<\/ul>\n<h2>Equipe T\u00e9cnica e Profissional<\/h2>\n<p>O sucesso do Centro TEA depende de uma equipe competente e bem treinada. O plano inclui:<\/p>\n<ul>\n<li><strong>Recrutamento de profissionais qualificados:<\/strong> Selecionar terapeutas e educadores com experi\u00eancia no trabalho com autistas.<\/li>\n<li><strong>Capacita\u00e7\u00e3o cont\u00ednua:<\/strong> Prover forma\u00e7\u00e3o adicional e atualiza\u00e7\u00e3o sobre as melhores pr\u00e1ticas no atendimento de autistas.<\/li>\n<li><strong>Ambiente colaborativo:<\/strong> Incentivar a comunica\u00e7\u00e3o entre os membros da equipe para compartilhar conhecimentos e experi\u00eancias.<\/li>\n<\/ul>\n<h2>Hist\u00f3rico de Tratativas<\/h2>\n<p>As tratativas para a cria\u00e7\u00e3o do Centro TEA em Bauru t\u00eam avan\u00e7ado positivamente ao longo dos \u00faltimos meses. A presen\u00e7a do secret\u00e1rio estadual na reuni\u00e3o \u00e9 um indicativo do comprometimento do governo em impulsionar este projeto. O trabalho conjunto entre os setores p\u00fablico e privado tem sido essencial para identificar as necessidades locais e as melhores estrat\u00e9gias para a implementa\u00e7\u00e3o do centro.<\/p>\n<h2>Benef\u00edcios para a Comunidade Autista<\/h2>\n<p>Os frutos da cria\u00e7\u00e3o do Centro TEA em Bauru trar\u00e3o diversos benef\u00edcios, incluindo:<\/p>\n<ul>\n<li><strong>Maior acesso a servi\u00e7os:<\/strong> Facilitar\u00e1 o acesso a uma variedade de servi\u00e7os essenciais para o desenvolvimento e bem-estar das pessoas com TEA.<\/li>\n<li><strong>Redu\u00e7\u00e3o do estigma:<\/strong> Aumentar\u00e1 a conscientiza\u00e7\u00e3o sobre o TEA, promovendo a aceita\u00e7\u00e3o e compreens\u00e3o da condi\u00e7\u00e3o na comunidade.<\/li>\n<li><strong>Melhoria na qualidade de vida:<\/strong> Melhor atendimento resultar\u00e1 em um maior bem-estar e integra\u00e7\u00e3o das pessoas com TEA na sociedade.<\/li>\n<\/ul>\n<h2>Pr\u00f3ximos Passos para Viabiliza\u00e7\u00e3o<\/h2>\n<p>Para que a implementa\u00e7\u00e3o do Centro TEA em Bauru aconte\u00e7a de maneira efetiva, alguns passos precisam ser dados:<\/p>\n<ul>\n<li><strong>Defini\u00e7\u00e3o de um cronograma:<\/strong> Estabelecer um cronograma claro para a constru\u00e7\u00e3o e in\u00edcio das atividades do centro.<\/li>\n<li><strong>Capta\u00e7\u00e3o de recursos:<\/strong> Buscar recursos financeiros junto ao governo estadual e fontes privadas para sustentar o funcionamento do centro.<\/li>\n<li><strong>Comunica\u00e7\u00e3o com a comunidade:<\/strong> Manter a popula\u00e7\u00e3o informada sobre os avan\u00e7os e datas de inaugura\u00e7\u00e3o do centro.<\/li>\n<\/ul>\n\n<div style=\"font-size: 0px; height: 0px; line-height: 0px; margin: 0; padding: 0; clear: both;\"><\/div>","protected":false},"excerpt":{"rendered":"<p>Centro TEA em Bauru promete melhorar o atendimento a pessoas com Transtorno do Espectro Autista.<\/p>\n","protected":false},"author":1,"featured_media":738,"comment_status":"open","ping_status":"closed","sticky":false,"template":"","format":"standard","meta":{"footnotes":""},"categories":[21],"tags":[],"class_list":["post-739","post","type-post","status-publish","format-standard","has-post-thumbnail","hentry","category-noticias-bauru","has_thumb"],"aioseo_notices":[],"_links":{"self":[{"href":"https:\/\/www.encontrabauru.com.br\/sobre\/wp-json\/wp\/v2\/posts\/739","targetHints":{"allow":["GET"]}}],"collection":[{"href":"https:\/\/www.encontrabauru.com.br\/sobre\/wp-json\/wp\/v2\/posts"}],"about":[{"href":"https:\/\/www.encontrabauru.com.br\/sobre\/wp-json\/wp\/v2\/types\/post"}],"author":[{"embeddable":true,"href":"https:\/\/www.encontrabauru.com.br\/sobre\/wp-json\/wp\/v2\/users\/1"}],"replies":[{"embeddable":true,"href":"https:\/\/www.encontrabauru.com.br\/sobre\/wp-json\/wp\/v2\/comments?post=739"}],"version-history":[{"count":0,"href":"https:\/\/www.encontrabauru.com.br\/sobre\/wp-json\/wp\/v2\/posts\/739\/revisions"}],"wp:featuredmedia":[{"embeddable":true,"href":"https:\/\/www.encontrabauru.com.br\/sobre\/wp-json\/wp\/v2\/media\/738"}],"wp:attachment":[{"href":"https:\/\/www.encontrabauru.com.br\/sobre\/wp-json\/wp\/v2\/media?parent=739"}],"wp:term":[{"taxonomy":"category","embeddable":true,"href":"https:\/\/www.encontrabauru.com.br\/sobre\/wp-json\/wp\/v2\/categories?post=739"},{"taxonomy":"post_tag","embeddable":true,"href":"https:\/\/www.encontrabauru.com.br\/sobre\/wp-json\/wp\/v2\/tags?post=739"}],"curies":[{"name":"wp","href":"https:\/\/api.w.org\/{rel}","templated":true}]}}