{"id":611,"date":"2025-12-30T12:06:00","date_gmt":"2025-12-30T15:06:00","guid":{"rendered":"https:\/\/www.encontrabauru.com.br\/sobre\/secretaria-de-assistencia-social-continua-com-pre\/"},"modified":"2025-12-30T12:06:00","modified_gmt":"2025-12-30T15:06:00","slug":"secretaria-de-assistencia-social-continua-com-pre","status":"publish","type":"post","link":"https:\/\/www.encontrabauru.com.br\/sobre\/secretaria-de-assistencia-social-continua-com-pre\/","title":{"rendered":"Secretaria de Assist\u00eancia Social continua com pr\u00e9"},"content":{"rendered":"<div class=\"afac9f3eb9e49d7fc4d46fa627f8b2d3\" data-index=\"1\" style=\"float: none; margin:0px;\">\n<!-- Anuncio display - global -->\r\n<ins class=\"adsbygoogle\"\r\n     style=\"display:block\"\r\n     data-ad-client=\"ca-pub-8585364105181520\"\r\n     data-ad-slot=\"8789329856\"\r\n     data-ad-format=\"auto\"\r\n     data-full-width-responsive=\"true\"><\/ins>\r\n<script>\r\n     (adsbygoogle = window.adsbygoogle || []).push({});\r\n<\/script>\n<\/div>\n<h2>O que \u00e9 o Programa de Inclus\u00e3o Produtiva?<\/h2>\n<p>O <strong>Programa de Inclus\u00e3o Produtiva<\/strong> \u00e9 uma iniciativa da Prefeitura de Bauru cujo principal objetivo \u00e9 promover a capacita\u00e7\u00e3o e o desenvolvimento de habilidades profissionais em indiv\u00edduos que se encontram em situa\u00e7\u00e3o de vulnerabilidade social. Este programa \u00e9 voltado para jovens e adultos a partir de 16 anos que desejam se inserir ou se requalificar no mercado de trabalho, enfrentando assim as barreiras que dificultam seu acesso ao emprego formal.<\/p>\n<p>Os cursos oferecidos pelo Programa s\u00e3o diversificados e abrangem diferentes \u00e1reas do conhecimento, com foco na forma\u00e7\u00e3o t\u00e9cnica e profissional. O PIP oferece n\u00e3o apenas treinamento pr\u00e1tico, mas tamb\u00e9m apoio para a gera\u00e7\u00e3o de atividades aut\u00f4nomas, assim como orienta\u00e7\u00f5es que preparam os participantes para lidar com os desafios do mercado. Ao integrar habilidades t\u00e9cnicas com conhecimentos em empreendedorismo e gest\u00e3o, o programa aspira n\u00e3o apenas aumentar a empregabilidade, mas tamb\u00e9m fomentar a cultura do autoemprego entre os participantes.<\/p>\n<p>Al\u00e9m disso, a iniciativa \u00e9 um passo significativo para a inclus\u00e3o social, pois oferece um espa\u00e7o onde pessoas de diversas origens podem aprender e compartilhar experi\u00eancias. Atrav\u00e9s do acesso a cursos homologados e a consultorias, os participantes desenvolvem uma rede de contatos que pode ser valiosa para as futuras oportunidades de trabalho.<\/p>\n<p><img decoding=\"async\" src=\"https:\/\/www.encontrabauru.com.br\/sobre\/wp-content\/uploads\/2025\/12\/secretaria-de-assistencia-social-continua-com-pre.webp\" alt=\"cursos gratuitos Bauru\" loading=\"lazy\" \/><\/p>\n<h2>Objetivos do Programa de Est\u00edmulo ao Primeiro Emprego<\/h2>\n<p>O <strong>Programa de Est\u00edmulo ao Primeiro Emprego (PEPE)<\/strong> \u00e9 uma a\u00e7\u00e3o complementar para jovens a partir de 15 anos, que tem como foco principal facilitar a transi\u00e7\u00e3o entre a educa\u00e7\u00e3o e o mundo do trabalho. Este programa visa criar um ambiente prop\u00edcio para que os adolescentes e jovens possam descobrir e desenvolver suas potencialidades, habilidades e talentos.<\/p>\n<p>Os objetivos do PEPE incluem:<\/p>\n<ul>\n<li><strong>Reconhecimento do trabalho e da educa\u00e7\u00e3o como direitos de cidadania:<\/strong> O programa enfatiza que o trabalho n\u00e3o \u00e9 apenas uma obriga\u00e7\u00e3o, mas tamb\u00e9m uma oportunidade de crescimento pessoal e profissional.<\/li>\n<li><strong>Desenvolvimento de compet\u00eancias e habilidades:<\/strong> Atrav\u00e9s de oficinas e cursos, os participantes aprendem n\u00e3o apenas sobre as demandas do mercado, mas tamb\u00e9m a construir um curr\u00edculo que seja atraente para potenciais empregadores.<\/li>\n<li><strong>Promo\u00e7\u00e3o da autonomia e do protagonismo social:<\/strong> O PEPE busca preparar os jovens para que ocupem seu papel ativo na sociedade, atrav\u00e9s da forma\u00e7\u00e3o de cidad\u00e3os conscientes de seus direitos e deveres.<\/li>\n<li><strong>Amplia\u00e7\u00e3o do universo cultural e informacional:<\/strong> O acesso a informa\u00e7\u00f5es e experi\u00eancias novas \u00e9 fundamental para o crescimento. Por isso, o programa busca integrar os jovens em atividades que ampliem suas vis\u00f5es de mundo.<\/li>\n<\/ul>\n<p>Ao possibilitar que os participantes conhe\u00e7am mais sobre o mercado de trabalho, o PEPE facilita o in\u00edcio de uma trajet\u00f3ria profissional que pode ser impactante e promissora.<\/p>\n<h2>Quem pode se inscrever nos cursos?<\/h2>\n<p>A elegibilidade para inscri\u00e7\u00e3o nos cursos oferecidos pelos programas PIP e PEPE \u00e9 ampla, buscando incluir todos aqueles que se encontram em situa\u00e7\u00e3o de vulnerabilidade e que desejam mudar seus caminhos. Para o Programa de Inclus\u00e3o Produtiva, podem se inscrever pessoas a partir de 16 anos que habitam em Bauru e que enfrentam dificuldades financeiras, sociais ou educacionais que dificultam seu desenvolvimento profissional.<\/p>\n<p>J\u00e1 o Programa de Est\u00edmulo ao Primeiro Emprego \u00e9 voltado especificamente para adolescentes e jovens a partir de 15 anos. Ambos os programas t\u00eam como premissa a inclus\u00e3o de cidad\u00e3os que, por diferentes raz\u00f5es, est\u00e3o \u00e0 margem do mercado de trabalho e buscam oportunidades para mudar sua realidade.<\/p>\n<p>Al\u00e9m disso, as pr\u00e9-inscri\u00e7\u00f5es est\u00e3o abertas tamb\u00e9m para aqueles que n\u00e3o possuem acesso f\u00e1cil \u00e0 internet. Nesses casos, as pessoas podem procurar as unidades do <strong>Centro de Refer\u00eancia em Assist\u00eancia Social (CRAS)<\/strong> ou organiza\u00e7\u00f5es da sociedade civil que operam na \u00e1rea para realizar as inscri\u00e7\u00f5es pessoalmente.<\/p>\n<h2>Como realizar a pr\u00e9-inscri\u00e7\u00e3o online?<\/h2>\n<p>O processo de pr\u00e9-inscri\u00e7\u00e3o para os cursos do Programa de Inclus\u00e3o Produtiva e do Programa de Est\u00edmulo ao Primeiro Emprego \u00e9 realizado de forma simples e acess\u00edvel pela internet. Os interessados podem acessar os links espec\u00edficos para cada programa:<\/p>\n<ul>\n<li>Para o <strong>Programa de Inclus\u00e3o Produtiva (PIP)<\/strong>, o link de pr\u00e9-inscri\u00e7\u00e3o \u00e9: <a href=\"https:\/\/www2.bauru.sp.gov.br\/inscricao.aspx?i=60\">Inscri\u00e7\u00e3o PIP<\/a>.<\/li>\n<li>Para o <strong>Programa de Est\u00edmulo ao Primeiro Emprego (PEPE)<\/strong>, o link \u00e9: <a href=\"https:\/\/www2.bauru.sp.gov.br\/inscricao.aspx?i=61\">Inscri\u00e7\u00e3o PEPE<\/a>.<\/li>\n<\/ul>\n<p>\u00c9 importante que os candidatos leiam atentamente as instru\u00e7\u00f5es dispon\u00edveis nos links antes de preencher o formul\u00e1rio. Informa\u00e7\u00f5es como documenta\u00e7\u00e3o necess\u00e1ria e prazos espec\u00edficos s\u00e3o detalhadas para garantir que todos os interessados possam participar sem dificuldades.<\/p>\n<p>As pr\u00e9-inscri\u00e7\u00f5es ficam abertas at\u00e9 o dia 9 de janeiro, portanto, \u00e9 essencial que os interessados n\u00e3o deixem para a \u00faltima hora para garantir sua participa\u00e7\u00e3o. O preenchimento do formul\u00e1rio \u00e9 uma etapa fundamental, pois ajudar\u00e1 a organizar a oferta de cursos e assegurar que cada participante tenha a melhor experi\u00eancia poss\u00edvel.<\/p>\n<h2>Pontos de atendimento para pr\u00e9-inscri\u00e7\u00e3o<\/h2>\n<p>Para atender a todos os mun\u00edcipes, especialmente aqueles que n\u00e3o t\u00eam acesso \u00e0 internet, a Prefeitura de Bauru disponibiliza diversos pontos de atendimento. As unidades do <strong>Centro de Refer\u00eancia em Assist\u00eancia Social (CRAS)<\/strong> s\u00e3o os locais indicados para que os cidad\u00e3os realizem suas pr\u00e9-inscri\u00e7\u00f5es presencialmente.<\/p>\n<p>Os CRAS est\u00e3o localizados em diferentes regi\u00f5es da cidade, garantindo acessibilidade para todos os interessados. Aqui est\u00e3o algumas das unidades dispon\u00edveis:<\/p>\n<ul>\n<li><strong>CRAS Nova Bauru:<\/strong> Rua Bertholdo do Carmo, quadra 1 (antigo Lar Escola Rafael Maur\u00edcio) \u2013 Telefone: 98187-2368<\/li>\n<li><strong>CRAS Jardim Ferraz:<\/strong> Rua Panam\u00e1, 3-17 \u2013 Telefone: 98187-5169 \/ 98187-5006<\/li>\n<li><strong>CRAS Ferradura Mirim \/ CEU das Artes:<\/strong> Rua Maria Jos\u00e9 Silv\u00e9rio dos Santos, quadra 2, esquina com a avenida L\u00facio Luciano \u2013 Telefone: 98187-2056<\/li>\n<li><strong>CRAS Santa C\u00e2ndida:<\/strong> Rua Ory Pinheiro Brisola, 11-74 \u2013 Telefone: 98187-2198<\/li>\n<li><strong>CRAS 9 de Julho:<\/strong> Rua It\u00e1lia Giovanetti Franciscato, quadra 1 \u2013 Telefone: 98187-4751<\/li>\n<li><strong>CRAS Jardim Godoy:<\/strong> Alameda Flor do Amor, quadra 10 \u2013 Telefone: 98187-3293<\/li>\n<li><strong>CRAS Jardim Europa:<\/strong> Rua Ant\u00f4nio Prudente, 1-148 \u2013 Telefone: 98187-2641<\/li>\n<li><strong>CRAS Nova Esperan\u00e7a:<\/strong> Rua Sargento Joaquim Nunes Cabral, quarteir\u00e3o 3 \u2013 Telefone: 98187-5418<\/li>\n<li><strong>CRAS Noroeste:<\/strong> Avenida Daniel Pac\u00edfico, 2-117 \u2013 Telefone: 98187-2054<\/li>\n<li><strong>CRAS Distrito de Tibiri\u00e7\u00e1:<\/strong> Pra\u00e7a Nove de Julho, quarteir\u00e3o 2 \u2013 Telefones: 3279-1187 \/ 98187-2368<\/li>\n<\/ul>\n<p>Esses pontos de atendimento s\u00e3o essenciais para garantir que todos tenham a oportunidade de se inscrever nos cursos, independentemente de suas circunst\u00e2ncias de acesso \u00e0 tecnologia.<\/p>\n<h2>Benef\u00edcios dos cursos oferecidos<\/h2>\n<p>Os cursos oferecidos por meio dos programas PIP e PEPE trazem diversos benef\u00edcios para os participantes. Um dos maiores benef\u00edcios \u00e9 a <strong>capacita\u00e7\u00e3o t\u00e9cnica<\/strong>. Os cursos s\u00e3o desenvolvidos de forma a abordar as necessidades do mercado de trabalho local, proporcionando aos alunos as habilidades pr\u00e1ticas e te\u00f3ricas necess\u00e1rias para se destacarem em suas \u00e1reas de interesse.<\/p>\n<p>Outros benef\u00edcios incluem:<\/p>\n<ul>\n<li><strong>Apoio na inser\u00e7\u00e3o no mercado:<\/strong> O programa proporciona orienta\u00e7\u00f5es sobre como se comportar em entrevistas de emprego, elabora\u00e7\u00e3o de curr\u00edculos e networking.<\/li>\n<li><strong>Desenvolvimento de habilidades interpessoais:<\/strong> Al\u00e9m das compet\u00eancias t\u00e9cnicas, os cursos tamb\u00e9m focam no desenvolvimento de soft skills, como comunica\u00e7\u00e3o, trabalho em equipe e resolu\u00e7\u00e3o de problemas.<\/li>\n<li><strong>Inclus\u00e3o social:<\/strong> Atrav\u00e9s da capacita\u00e7\u00e3o, os participantes t\u00eam a oportunidade de melhorar sua qualidade de vida e a de suas fam\u00edlias, promovendo uma mudan\u00e7a positiva nas suas comunidades.<\/li>\n<li><strong>Perspectivas de autoemprego:<\/strong> Para aqueles que desejam empreender, as capacita\u00e7\u00f5es incluem orienta\u00e7\u00f5es sobre como iniciar e gerir pequenos neg\u00f3cios, ajudando a fomentar a cultura do empreendedorismo na cidade.<\/li>\n<\/ul>\n<p>Al\u00e9m disso, os cursos s\u00e3o uma excelente forma de criar uma rede de contatos, onde os participantes podem conhecer pessoas com interesses semelhantes e potencialmente formar parcerias em projetos futuros.<\/p>\n<h2>Depoimentos de participantes anteriores<\/h2>\n<p>Os depoimentos de participantes anteriores dos programas PIP e PEPE revelam o impacto positivo que esses cursos tiveram na vida das pessoas. Muitos ex-alunos relatam n\u00e3o apenas a obten\u00e7\u00e3o de um emprego, mas tamb\u00e9m um aumento na autoestima e na confian\u00e7a em suas capacidades. Por exemplo, Maria, uma jovem de 18 anos que participou do curso de auxiliar administrativo, compartilhou sua experi\u00eancia:<\/p>\n<blockquote><p>&#8220;Antes de fazer o curso, eu n\u00e3o acreditava que poderia conseguir um emprego. Depois de aprender as habilidades que o programa me ofereceu, n\u00e3o s\u00f3 consegui uma vaga como auxiliar em uma empresa, mas tamb\u00e9m me sinto segura para buscar oportunidades melhores!&#8221;<\/p><\/blockquote>\n<p>Outro depoimento \u00e9 de Carlos, um jovem que sempre sonhou em ser empreendedor:<\/p>\n<blockquote><p>&#8220;O curso me mostrou como iniciar meu pr\u00f3prio neg\u00f3cio. Hoje, tenho uma pequena empresa de consertos e sou muito feliz com o que fa\u00e7o. O programa n\u00e3o s\u00f3 me deu conhecimento, mas tamb\u00e9m a coragem para come\u00e7ar!&#8221;<\/p><\/blockquote>\n<p>Esses relatos s\u00e3o exemplos v\u00edvidos de como a capacita\u00e7\u00e3o e a inclus\u00e3o atrav\u00e9s da educa\u00e7\u00e3o podem transformar vidas e oferecer novas oportunidades para jovens e adultos.<\/p>\n<h2>Dicas para se destacar na escolha do curso<\/h2>\n<p>Escolher o curso certo nos programas PIP e PEPE pode ser crucial para alcan\u00e7ar o sucesso desejado. Aqui est\u00e3o algumas dicas para ajudar os interessados a fazer uma escolha informada:<\/p>\n<ul>\n<li><strong>Identifique suas habilidades e interesses:<\/strong> Antes de escolher, reflita sobre suas paix\u00f5es e habilidades. O que voc\u00ea gosta de fazer e onde voc\u00ea se v\u00ea profissionalmente?<\/li>\n<li><strong>Pesquise sobre o mercado de trabalho:<\/strong> Verifique quais \u00e1reas est\u00e3o em alta demanda no mercado de trabalho de Bauru e em sua regi\u00e3o. Escolher um curso alinhado com a demanda do mercado aumenta suas chances de emprego.<\/li>\n<li><strong>Converse com profissionais da \u00e1rea:<\/strong> Se poss\u00edvel, busque informa\u00e7\u00f5es com pessoas que trabalham nas \u00e1reas que te interessam. Elas podem oferecer insights valiosos e ajudar na sua decis\u00e3o.<\/li>\n<li><strong>Considere a dura\u00e7\u00e3o e a localiza\u00e7\u00e3o do curso:<\/strong> Avalie a carga hor\u00e1ria e a localiza\u00e7\u00e3o das aulas. Certifique-se de que se encaixem na sua rotina e compromissos pessoais.<\/li>\n<\/ul>\n<p>Seguindo essas dicas, voc\u00ea poder\u00e1 fazer uma escolha que n\u00e3o apenas atenda \u00e0s suas expectativas, mas tamb\u00e9m contribua para um futuro profissional promissor.<\/p>\n<h2>Import\u00e2ncia da capacita\u00e7\u00e3o na inclus\u00e3o social<\/h2>\n<p>A <strong>capacita\u00e7\u00e3o profissional<\/strong> \u00e9 um elemento vital para a inclus\u00e3o social, pois garante que as pessoas, independentemente de sua origem ou condi\u00e7\u00f5es financeiras, tenham acesso a oportunidades que promovam seu desenvolvimento pessoal e profissional. Investir em educa\u00e7\u00e3o e forma\u00e7\u00e3o \u00e9 uma forma de quebrar o ciclo de pobreza e promover a igualdade de oportunidades.<\/p>\n<p>Quando as pessoas t\u00eam acesso a cursos de capacita\u00e7\u00e3o, elas n\u00e3o s\u00f3 aumentam suas chances de conquistar um emprego, mas tamb\u00e9m elevam suas expectativas de vida. A capacita\u00e7\u00e3o contribui para: <\/p>\n<ul>\n<li><strong>Aumento da empregabilidade:<\/strong> Ao adquirir novas habilidades, os indiv\u00edduos se tornam mais atrativos para os empregadores.<\/li>\n<li><strong>Desenvolvimento econ\u00f4mico:<\/strong> Quando os cidad\u00e3os est\u00e3o empregados e gerando renda, isso resulta em benef\u00edcios para a economia local.<\/li>\n<li><strong>Fortalecimento da autonomia:<\/strong> A forma\u00e7\u00e3o proporciona conhecimentos que ajudam na tomada de decis\u00f5es informadas e no desenvolvimento pessoal, aumentando a seguran\u00e7a e a confian\u00e7a para_buscas e escolhas.<\/li>\n<li><strong>Cidadania ativa:<\/strong> Cidad\u00e3os bem-educados tendem a se envolver mais nas quest\u00f5es sociais e pol\u00edticas, contribuindo para uma sociedade mais justa e igualit\u00e1ria.<\/li>\n<\/ul>\n<p>Portanto, a capacita\u00e7\u00e3o deve ser vista como um investimento estrat\u00e9gico para criar uma sociedade mais coesa, onde todos possam participar e beneficiar-se das oportunidades dispon\u00edveis.<\/p>\n<h2>Pr\u00f3ximos passos ap\u00f3s a inscri\u00e7\u00e3o<\/h2>\n<p>Ap\u00f3s concluir a pr\u00e9-inscri\u00e7\u00e3o e garantir a vaga em um dos cursos oferecidos, \u00e9 importante que os participantes estejam preparados para os pr\u00f3ximos passos. Aqui est\u00e3o algumas recomenda\u00e7\u00f5es:<\/p>\n<ul>\n<li><strong>Confirmar a matr\u00edcula:<\/strong> Fique atento ao contato da organiza\u00e7\u00e3o que ir\u00e1 administrar o curso para confirmar sua matr\u00edcula e obter detalhes sobre o in\u00edcio das aulas.<\/li>\n<li><strong>Preparar o material necess\u00e1rio:<\/strong> Verifique quais materiais ser\u00e3o necess\u00e1rios para as aulas, como apostilas, canetas, cadernos ou qualquer equipamento especial que o curso possa exigir.<\/li>\n<li><strong>Participar ativamente:<\/strong> Durante o curso, envolva-se ativamente, fa\u00e7a perguntas, interaja com professores e colegas, e aproveite todas as oportunidades de aprendizado.<\/li>\n<li><strong>Estabelecer metas pessoais:<\/strong> Defina metas claras para o que voc\u00ea deseja alcan\u00e7ar ao final do curso, como adquirir uma nova habilidade espec\u00edfica ou desenvolver um projeto.<\/li>\n<\/ul>\n<p>Este comprometimento e engajamento nas etapas seguintes garantem que a experi\u00eancia dos participantes seja proveitosa e contribua para o seu desenvolvimento pessoal e profissional.<\/p>\n\n<div style=\"font-size: 0px; height: 0px; line-height: 0px; margin: 0; padding: 0; clear: both;\"><\/div>","protected":false},"excerpt":{"rendered":"<p>Cursos gratuitos em Bauru para inclus\u00e3o produtiva e primeiro emprego agora com inscri\u00e7\u00f5es abertas!<\/p>\n","protected":false},"author":1,"featured_media":610,"comment_status":"open","ping_status":"closed","sticky":false,"template":"","format":"standard","meta":{"footnotes":""},"categories":[21],"tags":[],"class_list":["post-611","post","type-post","status-publish","format-standard","has-post-thumbnail","hentry","category-noticias-bauru","has_thumb"],"aioseo_notices":[],"_links":{"self":[{"href":"https:\/\/www.encontrabauru.com.br\/sobre\/wp-json\/wp\/v2\/posts\/611","targetHints":{"allow":["GET"]}}],"collection":[{"href":"https:\/\/www.encontrabauru.com.br\/sobre\/wp-json\/wp\/v2\/posts"}],"about":[{"href":"https:\/\/www.encontrabauru.com.br\/sobre\/wp-json\/wp\/v2\/types\/post"}],"author":[{"embeddable":true,"href":"https:\/\/www.encontrabauru.com.br\/sobre\/wp-json\/wp\/v2\/users\/1"}],"replies":[{"embeddable":true,"href":"https:\/\/www.encontrabauru.com.br\/sobre\/wp-json\/wp\/v2\/comments?post=611"}],"version-history":[{"count":0,"href":"https:\/\/www.encontrabauru.com.br\/sobre\/wp-json\/wp\/v2\/posts\/611\/revisions"}],"wp:featuredmedia":[{"embeddable":true,"href":"https:\/\/www.encontrabauru.com.br\/sobre\/wp-json\/wp\/v2\/media\/610"}],"wp:attachment":[{"href":"https:\/\/www.encontrabauru.com.br\/sobre\/wp-json\/wp\/v2\/media?parent=611"}],"wp:term":[{"taxonomy":"category","embeddable":true,"href":"https:\/\/www.encontrabauru.com.br\/sobre\/wp-json\/wp\/v2\/categories?post=611"},{"taxonomy":"post_tag","embeddable":true,"href":"https:\/\/www.encontrabauru.com.br\/sobre\/wp-json\/wp\/v2\/tags?post=611"}],"curies":[{"name":"wp","href":"https:\/\/api.w.org\/{rel}","templated":true}]}}