{"id":595,"date":"2025-12-16T11:03:00","date_gmt":"2025-12-16T14:03:00","guid":{"rendered":"https:\/\/www.encontrabauru.com.br\/sobre\/video-mostra-momento-em-que-homem-esfaqueia-ex\/"},"modified":"2025-12-16T11:03:00","modified_gmt":"2025-12-16T14:03:00","slug":"video-mostra-momento-em-que-homem-esfaqueia-ex","status":"publish","type":"post","link":"https:\/\/www.encontrabauru.com.br\/sobre\/video-mostra-momento-em-que-homem-esfaqueia-ex\/","title":{"rendered":"V\u00eddeo mostra momento em que homem esfaqueia ex"},"content":{"rendered":"<div class=\"afac9f3eb9e49d7fc4d46fa627f8b2d3\" data-index=\"1\" style=\"float: none; margin:0px;\">\n<!-- Anuncio display - global -->\r\n<ins class=\"adsbygoogle\"\r\n     style=\"display:block\"\r\n     data-ad-client=\"ca-pub-8585364105181520\"\r\n     data-ad-slot=\"8789329856\"\r\n     data-ad-format=\"auto\"\r\n     data-full-width-responsive=\"true\"><\/ins>\r\n<script>\r\n     (adsbygoogle = window.adsbygoogle || []).push({});\r\n<\/script>\n<\/div>\n<h2>O que aconteceu na rodovi\u00e1ria de Bauru<\/h2>\n<p>No dia 2 de dezembro de 2025, um incidente alarmante ocorreu na rodovi\u00e1ria de Bauru, S\u00e3o Paulo, onde um homem de 57 anos agrediu a facadas sua ex-namorada, uma mulher de 71 anos, e seu atual companheiro, de 78 anos. O evento chocou a comunidade local ao ser amplamente divulgado por meio de v\u00eddeos de c\u00e2meras de seguran\u00e7a que capturaram o ataque. Esses v\u00eddeos mostraram a discuss\u00e3o inicial que escalou rapidamente, culminando em viol\u00eancia extrema.<\/p>\n<p>As v\u00edtimas, ambas pessoas idosas, estavam aguardando seu transporte quando o agressor, que foi identificado como o ex-parceiro da mulher, surgiu armado com uma faca. As imagens mostram a intera\u00e7\u00e3o entre os envolvidos antes que o homem, em um momento de descontrole, desferisse os golpes. A mulher foi ferida na regi\u00e3o do abd\u00f4men e bra\u00e7o, enquanto o homem sofreu uma perfura\u00e7\u00e3o no t\u00f3rax que comprometia seu pulm\u00e3o.<\/p>\n<h2>A rea\u00e7\u00e3o da pol\u00edcia ao incidente<\/h2>\n<p>A Pol\u00edcia Militar foi acionada imediatamente ap\u00f3s o ataque. Um policial \u00e0 paisana, que estava na rodovi\u00e1ria no momento do incidente, reagiu rapidamente para neutralizar a amea\u00e7a, disparando contra o agressor, que se recusava a largar a faca p\u00f3s o ataque. O agressor foi atingido no cotovelo, resultando em uma fratura exposta, e foi levado para um hospital central da cidade.<\/p>\n<p>A a\u00e7\u00e3o do policial foi considerada uma resposta adequada a uma situa\u00e7\u00e3o que rapidamente sa\u00eda de controle. A presen\u00e7a de um oficial de seguran\u00e7a no local pode ter evitado um desfecho ainda mais tr\u00e1gico, tornando o incidente um exemplo da import\u00e2ncia da vigil\u00e2ncia policial em lugares p\u00fablicos.<\/p>\n<h2>V\u00edtimas e suas condi\u00e7\u00f5es de sa\u00fade<\/h2>\n<p>Ap\u00f3s o ataque, as v\u00edtimas foram rapidamente socorridas pelo Servi\u00e7o de Atendimento M\u00f3vel de Urg\u00eancia (Samu). O homem, com 78 anos, passou por uma cirurgia para tratar da perfura\u00e7\u00e3o no pulm\u00e3o e permanece em estado grave, sendo monitorado em uma Unidade de Terapia Intensiva (UTI). A mulher, de 71 anos, foi levada para observa\u00e7\u00e3o no hospital e, embora tenha sido ferida, sua condi\u00e7\u00e3o n\u00e3o \u00e9 considerada cr\u00edtica.<\/p>\n<p>Esta situa\u00e7\u00e3o levanta preocupa\u00e7\u00f5es sobre a sa\u00fade e seguran\u00e7a da popula\u00e7\u00e3o idosa, especialmente em contextos de viol\u00eancia. A sensibilidade e a rapidez no atendimento m\u00e9dico foram cruciais para mitigar as consequ\u00eancias do ataque, mostrando a import\u00e2ncia de um sistema de sa\u00fade que responda com agilidade em casos de emerg\u00eancia.<\/p>\n<h2>Motiva\u00e7\u00f5es por tr\u00e1s da agress\u00e3o<\/h2>\n<p>Embora as investiga\u00e7\u00f5es policiais ainda estejam em andamento, a motiva\u00e7\u00e3o para o ataque tem sido apontada como passional. A din\u00e2mica entre o agressor e as v\u00edtimas ainda est\u00e1 sendo analisada pela Delegacia de Defesa da Mulher. \u00c9 preocupante notar que muitos casos de viol\u00eancia contra mulheres est\u00e3o associados a relacionamentos anteriores e a ci\u00fames, o que ressalta a necessidade de tratar quest\u00f5es de sa\u00fade mental e proporcionar suporte emocional adequado.<\/p>\n<p>Al\u00e9m disso, uma an\u00e1lise mais profunda sobre a sa\u00fade mental do agressor ser\u00e1 fundamental para entender as causas que levaram a essa forma extrema de viol\u00eancia. Casos como este ressaltam o impacto que relacionamentos problem\u00e1ticos podem ter na sa\u00fade mental dos envolvidos.<\/p>\n<h2>A import\u00e2ncia das c\u00e2meras de seguran\u00e7a<\/h2>\n<p>As c\u00e2meras de seguran\u00e7a desempenham um papel crucial na documenta\u00e7\u00e3o e resposta a crimes, como o ocorrido em Bauru. Os v\u00eddeos n\u00e3o apenas ajudam a capturar o momento do crime, mas tamb\u00e9m servem como evid\u00eancia para investiga\u00e7\u00f5es futuras. A utiliza\u00e7\u00e3o de tecnologia em seguran\u00e7a p\u00fablica pode aumentar a sensa\u00e7\u00e3o de seguran\u00e7a e deter potenciais criminosos ao saberem que suas a\u00e7\u00f5es est\u00e3o sendo registradas.<\/p>\n<p>Al\u00e9m disso, a transpar\u00eancia proporcionada por essas grava\u00e7\u00f5es pode ajudar a comunidade a sentir que a justi\u00e7a est\u00e1 sendo feita, uma vez que menores d\u00favidas emergem sobre os fatos que levaram aos acontecimentos. Essa \u00e9 uma ferramenta vital que destaca a intera\u00e7\u00e3o entre seguran\u00e7a p\u00fablica e tecnologia, que pode ser cada vez mais explorada em espa\u00e7os p\u00fablicos.<\/p>\n<h2>Como o evento impactou a comunidade<\/h2>\n<p>O ataque teve um profundo impacto na comunidade de Bauru, alarmando a popula\u00e7\u00e3o e gerando discuss\u00f5es sobre seguran\u00e7a em espa\u00e7os p\u00fablicos. Muitas pessoas come\u00e7aram a questionar a efic\u00e1cia da seguran\u00e7a nas rodovi\u00e1rias e outros locais p\u00fablicos, demandando uma campanha por medidas de seguran\u00e7a mais rigorosas e presen\u00e7a policial aumentada.<\/p>\n<p>Al\u00e9m disso, a rea\u00e7\u00e3o dos cidad\u00e3os e entidades civis pode levar a um aumento na colabora\u00e7\u00e3o com a pol\u00edcia local, como a forma\u00e7\u00e3o de grupos de vig\u00edlia comunit\u00e1ria ou a ativa\u00e7\u00e3o de programas educacionais sobre a viol\u00eancia. Tais iniciativas podem trazer uma sensa\u00e7\u00e3o de unidade e compromisso coletivo em prevenir e responder \u00e0 viol\u00eancia em suas diversas formas.<\/p>\n<h2>Responsabilidade e seguran\u00e7a em espa\u00e7os p\u00fablicos<\/h2>\n<p>O incidente exp\u00f4s a responsabilidade que as autoridades e os gestores de espa\u00e7os p\u00fablicos t\u00eam de garantir a seguran\u00e7a dos cidad\u00e3os. Isso significa que n\u00e3o apenas a pol\u00edcia, mas tamb\u00e9m as administradoras de espa\u00e7os, como a administra\u00e7\u00e3o da rodovi\u00e1ria de Bauru, devem revisar e melhorar suas pol\u00edticas de seguran\u00e7a.<\/p>\n<p>Medidas como aumento da vigil\u00e2ncia, treinamento de funcion\u00e1rios para reconhecer comportamentos suspeitos e a promo\u00e7\u00e3o de uma cultura de seguran\u00e7a entre os usu\u00e1rios podem ajudar a prevenir incidentes semelhantes no futuro. O di\u00e1logo com a comunidade tamb\u00e9m \u00e9 essencial, pois permite entender suas preocupa\u00e7\u00f5es diretamente.<\/p>\n<h2>An\u00e1lise do agressor e seus antecedentes<\/h2>\n<p>Com a identifica\u00e7\u00e3o do agressor, a pol\u00edcia agora investiga seu hist\u00f3rico em busca de entender o contexto que levou \u00e0 viol\u00eancia. \u00c9 comum que indiv\u00edduos envolvidos em crimes violentos tenham antecedentes de problemas comportamentais ou de sa\u00fade mental. Uma an\u00e1lise cuidadosa pode revelar se o agressor j\u00e1 havia demonstrado comportamentos agressivos anteriormente.<\/p>\n<p>Este aspecto \u00e9 vital para n\u00e3o estigmatizar pessoas que podem estar lidando com quest\u00f5es de sa\u00fade mental, mas, ao mesmo tempo, exige que medidas de preven\u00e7\u00e3o sejam implementadas, como programas de apoio e tratamento. Conhecer a hist\u00f3ria do agressor pode servir n\u00e3o apenas para determinar a puni\u00e7\u00e3o adequada, mas tamb\u00e9m para desenvolver estrat\u00e9gias de reabilita\u00e7\u00e3o para evitar novas viol\u00eancias.<\/p>\n<h2>O papel da m\u00eddia na cobertura do crime<\/h2>\n<p>A cobertura da m\u00eddia sobre o incidente tem um papel importante na forma\u00e7\u00e3o da opini\u00e3o p\u00fablica e na percep\u00e7\u00e3o da seguran\u00e7a na comunidade. A forma como os meios de comunica\u00e7\u00e3o relatam eventos de viol\u00eancia pode influenciar as atitudes e comportamentos da popula\u00e7\u00e3o.<\/p>\n<p>Uma cobertura sensacionalista pode alimentar o medo e a paranoia, enquanto uma abordagem mais anal\u00edtica pode promover a conscientiza\u00e7\u00e3o e o debate construtivo sobre a seguran\u00e7a. Assim, a \u00e9tica jornal\u00edstica se torna um pilar essencial para garantir que as not\u00edcias sirvam como um impulso para melhorias sociais e n\u00e3o apenas como um meio de aumentar as vendas.<\/p>\n<h2>O que pode ser feito para evitar casos assim<\/h2>\n<p>Prevenir a viol\u00eancia \u00e9 um desafio que requer uma abordagem multifacetada. \u00c9 preciso implementar programas que visem a preven\u00e7\u00e3o da viol\u00eancia, suporte a v\u00edtimas e agressores, e maior educa\u00e7\u00e3o sobre relacionamentos saud\u00e1veis. Trabalho em conjunto com organiza\u00e7\u00f5es n\u00e3o governamentais e apoio comunit\u00e1rio \u00e9 essencial.<\/p>\n<p>Finalmente, fomentar um di\u00e1logo aberto nas comunidades sobre quest\u00f5es de sa\u00fade mental, educa\u00e7\u00e3o emocional e direitos humanos tamb\u00e9m pode ter um papel fundamental na redu\u00e7\u00e3o do estigma associado ao suporte que os agressores precisam. O trabalho preventivo pode impactar tanto o aumento da seguran\u00e7a quanto a diminui\u00e7\u00e3o da viol\u00eancia.<\/p>\n\n<div style=\"font-size: 0px; height: 0px; line-height: 0px; margin: 0; padding: 0; clear: both;\"><\/div>","protected":false},"excerpt":{"rendered":"<p>Homem esfaqueia ex-namorada e atual na rodovi\u00e1ria de Bauru.<\/p>\n","protected":false},"author":1,"featured_media":0,"comment_status":"open","ping_status":"closed","sticky":false,"template":"","format":"standard","meta":{"footnotes":""},"categories":[21],"tags":[],"class_list":["post-595","post","type-post","status-publish","format-standard","hentry","category-noticias-bauru"],"aioseo_notices":[],"_links":{"self":[{"href":"https:\/\/www.encontrabauru.com.br\/sobre\/wp-json\/wp\/v2\/posts\/595","targetHints":{"allow":["GET"]}}],"collection":[{"href":"https:\/\/www.encontrabauru.com.br\/sobre\/wp-json\/wp\/v2\/posts"}],"about":[{"href":"https:\/\/www.encontrabauru.com.br\/sobre\/wp-json\/wp\/v2\/types\/post"}],"author":[{"embeddable":true,"href":"https:\/\/www.encontrabauru.com.br\/sobre\/wp-json\/wp\/v2\/users\/1"}],"replies":[{"embeddable":true,"href":"https:\/\/www.encontrabauru.com.br\/sobre\/wp-json\/wp\/v2\/comments?post=595"}],"version-history":[{"count":0,"href":"https:\/\/www.encontrabauru.com.br\/sobre\/wp-json\/wp\/v2\/posts\/595\/revisions"}],"wp:attachment":[{"href":"https:\/\/www.encontrabauru.com.br\/sobre\/wp-json\/wp\/v2\/media?parent=595"}],"wp:term":[{"taxonomy":"category","embeddable":true,"href":"https:\/\/www.encontrabauru.com.br\/sobre\/wp-json\/wp\/v2\/categories?post=595"},{"taxonomy":"post_tag","embeddable":true,"href":"https:\/\/www.encontrabauru.com.br\/sobre\/wp-json\/wp\/v2\/tags?post=595"}],"curies":[{"name":"wp","href":"https:\/\/api.w.org\/{rel}","templated":true}]}}