{"id":594,"date":"2025-12-16T11:10:00","date_gmt":"2025-12-16T14:10:00","guid":{"rendered":"https:\/\/www.encontrabauru.com.br\/sobre\/pastor-ivanildo-alves-silva-sera-homenageado-com-a-medalha-sebastiao-paiva-nesta-quarta\/"},"modified":"2025-12-16T11:10:00","modified_gmt":"2025-12-16T14:10:00","slug":"pastor-ivanildo-alves-silva-sera-homenageado-com-a-medalha-sebastiao-paiva-nesta-quarta","status":"publish","type":"post","link":"https:\/\/www.encontrabauru.com.br\/sobre\/pastor-ivanildo-alves-silva-sera-homenageado-com-a-medalha-sebastiao-paiva-nesta-quarta\/","title":{"rendered":"Pastor Ivanildo Alves Silva ser\u00e1 homenageado com a Medalha \u201cSebasti\u00e3o Paiva\u201d nesta quarta"},"content":{"rendered":"<div class=\"afac9f3eb9e49d7fc4d46fa627f8b2d3\" data-index=\"1\" style=\"float: none; margin:0px;\">\n<!-- Anuncio display - global -->\r\n<ins class=\"adsbygoogle\"\r\n     style=\"display:block\"\r\n     data-ad-client=\"ca-pub-8585364105181520\"\r\n     data-ad-slot=\"8789329856\"\r\n     data-ad-format=\"auto\"\r\n     data-full-width-responsive=\"true\"><\/ins>\r\n<script>\r\n     (adsbygoogle = window.adsbygoogle || []).push({});\r\n<\/script>\n<\/div>\n<h2>O que \u00e9 a Medalha \u201cSebasti\u00e3o Paiva\u201d?<\/h2>\n<p>A Medalha \u201cSebasti\u00e3o Paiva\u201d \u00e9 uma honraria estabelecida pela C\u00e2mara Municipal de Bauru, destinada a reconhecer e homenagear pessoas com a idade de 90 anos ou mais que tenham contribu\u00eddo significativamente para a comunidade ao longo de sua vida. Esta medalha foi criada como uma forma de valoriza\u00e7\u00e3o do legado e das experi\u00eancias que essas pessoas trazem consigo, representando um reconhecimento a d\u00e9cadas de dedica\u00e7\u00e3o e servi\u00e7o \u00e0 sociedade.<\/p>\n<p>A proposta da medalha visa celebrar a longevidade e a relev\u00e2ncia de cidad\u00e3os que se destacaram em suas contribui\u00e7\u00f5es, promovendo a\u00e7\u00f5es de melhoria e desenvolvimento social. O vereador D\u00e1rio Dud\u00e1rio (PSD) foi o autor da proposta que resultou na cria\u00e7\u00e3o desta honraria, ressaltando a import\u00e2ncia da valoriza\u00e7\u00e3o dos mais velhos que, muitas vezes, trazem uma riqueza cultural e hist\u00f3rica imensur\u00e1vel para a cidade.<\/p>\n<p>Al\u00e9m do reconhecimento por parte da C\u00e2mara, a medalha \u00e9 uma forma de envolver a popula\u00e7\u00e3o em um ambiente de respeito e valoriza\u00e7\u00e3o pelo pr\u00f3ximo, criando um exemplo positivo a ser seguido por gera\u00e7\u00f5es futuras.<\/p>\n<h2>Quem \u00e9 o Pastor Ivanildo Alves Silva?<\/h2>\n<p>Pastor Ivanildo Alves Silva \u00e9 uma figura emblem\u00e1tica na comunidade de Bauru e um exemplo de dedica\u00e7\u00e3o ao servi\u00e7o religioso e social. Nascido em 1942 na cidade de \u00c1gua Preta, em Pernambuco, sua trajet\u00f3ria de vida reflete um profundo compromisso com a comunidade e com a propaga\u00e7\u00e3o da f\u00e9 crist\u00e3. Ele \u00e9 amplamente conhecido por sua extensa carreira no minist\u00e9rio pastoral, tendo iniciado sua jornada religiosa em 1966 quando aceitou a F\u00e9 Crist\u00e3.<\/p>\n<p>Ao longo dos anos, Ivanildo assumiu diversas responsabilidades em v\u00e1rias igrejas, construindo templos e liderando congrega\u00e7\u00f5es. Seu trabalho como pastor vai muito al\u00e9m da prega\u00e7\u00e3o religiosa; ele teve um papel fundamental na forma\u00e7\u00e3o de l\u00edderes e na cria\u00e7\u00e3o de uma rede de apoio espiritual e material para muitas comunidades, tanto no Brasil quanto em outros pa\u00edses.<\/p>\n<p>Um marco significativo em sua carreira foi a funda\u00e7\u00e3o da Igreja Evang\u00e9lica Assembleia de Deus Mission\u00e1ria em Bauru, um local onde continuou seu minist\u00e9rio ap\u00f3s a sa\u00edda de outra institui\u00e7\u00e3o religiosa. Com um legado que inclui o estabelecimento de dezesseis igrejas em Bauru e outras em v\u00e1rias regi\u00f5es do Brasil e at\u00e9 no exterior, Ivanildo se tornou uma fonte de esperan\u00e7a e inspira\u00e7\u00e3o para muitos. Sua hist\u00f3ria \u00e9 um exemplo not\u00e1vel de como a f\u00e9 e o servi\u00e7o \u00e0 comunidade podem se entrela\u00e7ar de maneira din\u00e2mica e impactante.<\/p>\n<h2>A import\u00e2ncia da homenagem<\/h2>\n<p>A homenagem ao Pastor Ivanildo Alves Silva com a Medalha \u201cSebasti\u00e3o Paiva\u201d \u00e9 extremamente significativa, n\u00e3o apenas para ele pessoalmente, mas tamb\u00e9m para a comunidade de Bauru. Esta honraria representa um reconhecimento n\u00e3o s\u00f3 das suas realiza\u00e7\u00f5es pessoais, mas tamb\u00e9m de seu impacto maior na sociedade ao longo de sua vida. Homenagear pessoas como Ivanildo \u00e9 fundamental para resgatar e valorizar a cultura e o conhecimento que as gera\u00e7\u00f5es mais velhas trazem consigo.<\/p>\n<p>A entrega da medalha \u00e9 uma oportunidade para que as novas gera\u00e7\u00f5es entendam a import\u00e2ncia da contribui\u00e7\u00e3o ativa na sociedade e inspires aqueles que est\u00e3o se dedicando a causas semelhantes. Al\u00e9m disso, uma homenagem como essa refor\u00e7a la\u00e7os de respeito e valoriza\u00e7\u00e3o entre os cidad\u00e3os e a sua hist\u00f3ria coletiva, mostrando que cada indiv\u00edduo pode influenciar positivamente a vida dos outros ao longo do tempo.<\/p>\n<p>O reconhecimento tamb\u00e9m serve de motiva\u00e7\u00e3o para que mais pessoas se engajem em atividades comunit\u00e1rias e sociais, compreendendo que o servi\u00e7o ao pr\u00f3ximo e a solidariedade s\u00e3o valores fundamentais que devem ser cultivados e passados adiante.<\/p>\n<h2>Como a medalha \u00e9 concedida?<\/h2>\n<p>A Medalha \u201cSebasti\u00e3o Paiva\u201d \u00e9 concedida pela C\u00e2mara Municipal de Bauru a indiv\u00edduos que atendem a crit\u00e9rios espec\u00edficos: ser residente de Bauru h\u00e1, pelo menos, trinta anos e ter atingido a idade de 90 anos ou mais. Quando o homenageado \u00e9 natural da cidade e atinge a marca do centen\u00e1rio, ele recebe a medalha com uma distin\u00e7\u00e3o adicional, sendo chamado de \u201cEm\u00e9rito Morador Centen\u00e1rio\u201d.<\/p>\n<p>Este processo de concess\u00e3o \u00e9 formalizado atrav\u00e9s de uma proposta apresentada por um vereador, que pode ser aprovada por meio de vota\u00e7\u00e3o na c\u00e2mara municipal. Atrav\u00e9s desse mecanismo, busca-se garantir que o pr\u00eamio seja concedido a pessoas que realmente merecem o reconhecimento e que tenham feito uma diferen\u00e7a significativa em suas comunidades.<\/p>\n<p>A entrega da medalha ocorre em uma cerim\u00f4nia solene, onde amigos, familiares e membros da comunidade se re\u00fanem para celebrar o homenageado. Essas ocasi\u00f5es s\u00e3o momentos emocionantes e simb\u00f3licos, que promovem o fortalecimento dos la\u00e7os sociais e a celebra\u00e7\u00e3o da vida e do legado de indiv\u00edduos que dedicaram suas vidas ao bem-estar coletivo.<\/p>\n<h2>Hist\u00f3ria e trajet\u00f3ria do homenageado<\/h2>\n<p>A trajet\u00f3ria do Pastor Ivanildo Alves Silva \u00e9 marcada por dedica\u00e7\u00e3o, trabalho \u00e1rduo e um compromisso inabal\u00e1vel com a f\u00e9 e o servi\u00e7o \u00e0 comunidade. Nascido em 1942 em Pernambuco, Ivanildo come\u00e7ou sua jornada religiosa aos 20 anos, quando se casou e, em seguida, se mudou para diferentes estados, sempre em busca de uma vida que refletisse seus valores e cren\u00e7as.<\/p>\n<p>Em 1966, ao se mudar para Presidente Prudente, ele teve um encontro decisivo com a espiritualidade, aceitando a F\u00e9 Crist\u00e3 no ano seguinte. Desde ent\u00e3o, sua vida foi fundamentada em atividades de lideran\u00e7a e prega\u00e7\u00e3o, que o levaram a pastorear v\u00e1rias igrejas na capital paulista e, eventualmente, em Bauru, onde ele se tornou uma figura central na comunidade evang\u00e9lica local.<\/p>\n<p>Entre 1986 a 1996, ele atuou como pastor da Assembleia de Deus em Bauru, per\u00edodo em que construiu templos e promoveu atividades de envolvimento comunit\u00e1rio que ajudaram a transformar a regi\u00e3o. Com a funda\u00e7\u00e3o da Igreja Evang\u00e9lica Assembleia de Deus Mission\u00e1ria, Ivanildo n\u00e3o s\u00f3 seguiu com suas atividades pastorais, mas tamb\u00e9m ampliou seu alcance, ajudando a estabelecer outras igrejas em diversas regi\u00f5es, inclusive fora do Brasil.<\/p>\n<p>A forma\u00e7\u00e3o teol\u00f3gica que recebeu em institui\u00e7\u00f5es respeit\u00e1veis, como o Semin\u00e1rio Teol\u00f3gico Pentecostal e o Instituto B\u00edblico Betel, equipou Ivanildo com as habilidades necess\u00e1rias para sua miss\u00e3o, permitindo que ele moldasse a vida de muitos que buscavam apoio espiritual. Al\u00e9m disso, sua dedica\u00e7\u00e3o rendeu frutos: ele \u00e9 pai de cinco filhos e av\u00f4 de nove netos e quatro bisnetos, passando adiante valores de f\u00e9 e servi\u00e7os \u00e0 comunidade.<\/p>\n<h2>O papel do vereador D\u00e1rio Dud\u00e1rio<\/h2>\n<p>O vereador D\u00e1rio Dud\u00e1rio (PSD) desempenhou um papel crucial na cria\u00e7\u00e3o e proposta da Medalha \u201cSebasti\u00e3o Paiva\u201d. Sua iniciativa reflete um compromisso em reconhecer e valorizar as hist\u00f3rias de vida dos cidad\u00e3os que dedicam suas vidas ao servi\u00e7o comunit\u00e1rio. D\u00e1rio buscou estabelecer um mecanismo que permitisse n\u00e3o s\u00f3 homenagear os idosos, mas tamb\u00e9m inspirar as novas gera\u00e7\u00f5es a seguirem exemplos semelhantes em suas comunidades.<\/p>\n<p>Como representante da comunidade de Bauru, Dud\u00e1rio entendeu a import\u00e2ncia de reconhecer aqueles que contribu\u00edram de forma significativa para o desenvolvimento social, econ\u00f4mico e cultural da cidade ao longo dos anos. Sua proposta foi apoiada por outros vereadores, demonstrando um desejo coletivo de valoriza\u00e7\u00e3o e respeito pelas contribui\u00e7\u00f5es dos mais velhos.<\/p>\n<p>Al\u00e9m de criar espa\u00e7os para homenagens, D\u00e1rio tamb\u00e9m \u00e9 ativo nas quest\u00f5es sociais que afetam a comunidade, participando de iniciativas que buscam melhorar a qualidade de vida dos cidad\u00e3os. Sua atua\u00e7\u00e3o destacada contribui para a forma\u00e7\u00e3o de uma sociedade mais justa e inclusiva, onde todos s\u00e3o valorizados.<\/p>\n<h2>Impacto na comunidade de Bauru<\/h2>\n<p>A homenagem ao Pastor Ivanildo Alves Silva, assim como a concess\u00e3o da Medalha \u201cSebasti\u00e3o Paiva\u201d, gera um impacto significativo na comunidade de Bauru. Este reconhecimento traz \u00e0 tona a import\u00e2ncia de celebrar a vida e a contribui\u00e7\u00e3o de seus membros, incentivando uma cultura de respeito e valoriza\u00e7\u00e3o dos mais velhos.<\/p>\n<p>Al\u00e9m disso, a entrega da medalha pode inspirar outros cidad\u00e3os a se envolverem em atividades de voluntariado e a\u00e7\u00f5es comunit\u00e1rias, criando um efeito multiplicador que promove mudan\u00e7as positivas na cidade. Quando a comunidade reconhece as contribui\u00e7\u00f5es de seus cidad\u00e3os mais velhos, promove um ambiente de gratid\u00e3o e respeito que beneficia toda a sociedade.<\/p>\n<p>O trabalho cont\u00ednuo de l\u00edderes como Ivanildo destaca a import\u00e2ncia do servi\u00e7o ao pr\u00f3ximo e demonstra que todos t\u00eam a capacidade de fazer a diferen\u00e7a em suas comunidades. Isso cria um senso de prop\u00f3sito que \u00e9 fundamental para a coes\u00e3o social e desenvolvimento de um ambiente comunit\u00e1rio saud\u00e1vel.<\/p>\n<h2>Dados sobre o evento<\/h2>\n<p>A cerim\u00f4nia de entrega da Medalha \u201cSebasti\u00e3o Paiva\u201d ao Pastor Ivanildo Alves Silva est\u00e1 programada para ocorrer na quarta-feira, dia 19 de novembro. O evento ser\u00e1 realizado \u00e0s 10h e contar\u00e1 com a participa\u00e7\u00e3o de autoridades, familiares e amigos do homenageado. Tal cerim\u00f4nia solene n\u00e3o apenas celebra a vida de Ivanildo, mas tamb\u00e9m refor\u00e7a o reconhecimento em torno da import\u00e2ncia da viv\u00eancia e da contribui\u00e7\u00e3o dos cidad\u00e3os para a sociedade.<\/p>\n<p>O evento ser\u00e1 transmitido ao vivo pela TV C\u00e2mara Bauru, estando tamb\u00e9m dispon\u00edvel atrav\u00e9s do YouTube e do portal oficial da C\u00e2mara, permitindo que todos que desejam participar do reconhecimento possam faz\u00ea-lo, mesmo \u00e0 dist\u00e2ncia. Essa possibilidade de transmiss\u00e3o amplia o impacto da cerim\u00f4nia, permitindo que mais pessoas se sintam envolvidas e apreciem a homenagem solene.<\/p>\n<h2>Como acompanhar a cerim\u00f4nia<\/h2>\n<p>A cerim\u00f4nia de entrega da Medalha \u201cSebasti\u00e3o Paiva\u201d ao Pastor Ivanildo Alves Silva poder\u00e1 ser acompanhada de v\u00e1rias maneiras. Para aqueles que desejarem assistir a cerim\u00f4nia ao vivo, a transmiss\u00e3o ser\u00e1 realizada pela TV C\u00e2mara Bauru, que est\u00e1 dispon\u00edvel no Canal 10 da Claro\/NET e Canal 31.3 no sinal aberto digital. Al\u00e9m disso, a transmiss\u00e3o poder\u00e1 ser acessada tamb\u00e9m por meio do <strong>YouTube<\/strong>, onde a sess\u00e3o ser\u00e1 transmitida ao vivo, garantindo uma maior acessibilidade ao evento.<\/p>\n<p>Atrav\u00e9s das plataformas online, os cidad\u00e3os de Bauru e de outras localidades poder\u00e3o testemunhar este momento especial e se juntar \u00e0 celebra\u00e7\u00e3o que destaca a import\u00e2ncia da f\u00e9, servi\u00e7o comunit\u00e1rio e dedica\u00e7\u00e3o ao pr\u00f3ximo. Essa abordagem digital \u00e9 essencial em um mundo moderno, onde a interconex\u00e3o e a tecnologia desempenham um papel crucial na comunica\u00e7\u00e3o e na uni\u00e3o das pessoas.<\/p>\n<h2>Reflex\u00f5es sobre longevidade e servi\u00e7o comunit\u00e1rio<\/h2>\n<p>A hist\u00f3ria de vida do Pastor Ivanildo Alves Silva e a homenagem que receber\u00e1 atrav\u00e9s da Medalha \u201cSebasti\u00e3o Paiva\u201d trazem \u00e0 tona importantes reflex\u00f5es sobre a longevidade e o servi\u00e7o \u00e0 comunidade. O reconhecimento de indiv\u00edduos que dedicaram suas vidas \u00e0 constru\u00e7\u00e3o de um futuro melhor serve como um lembrete de que cada pessoa tem o potencial de impactar a sociedade ao seu redor, independentemente da idade.<\/p>\n<p>Com a sociedade enfrentando desafios sociais e econ\u00f4micos, \u00e9 vital que as vozes e experi\u00eancias dos mais velhos sejam ouvidas e valorizadas. O legado de pessoas como Ivanildo n\u00e3o deve ser apenas lembrado, mas tamb\u00e9m aprendido e incorporado por novas gera\u00e7\u00f5es que buscam construir um mundo mais solid\u00e1rio e justo.<\/p>\n<p>Al\u00e9m disso, a celebra\u00e7\u00e3o da longevidade atrav\u00e9s de homenagens, como a Medalha \u201cSebasti\u00e3o Paiva\u201d, promove uma cultura de respeito e gratid\u00e3o, fundamentais para o fortalecimento do tecido social. Ao valorizar a experi\u00eancia e a sabedoria dos mais velhos, a sociedade se torna mais inclusiva, reconhecendo o papel ativo que todos podem ter em seus contextos.<\/p>\n\n<div style=\"font-size: 0px; height: 0px; line-height: 0px; margin: 0; padding: 0; clear: both;\"><\/div>","protected":false},"excerpt":{"rendered":"<p>Medalha \u201cSebasti\u00e3o Paiva\u201d ser\u00e1 entregue ao Pastor Ivanildo Alves nessa quarta-feira.<\/p>\n","protected":false},"author":1,"featured_media":0,"comment_status":"open","ping_status":"closed","sticky":false,"template":"","format":"standard","meta":{"footnotes":""},"categories":[14],"tags":[],"class_list":["post-594","post","type-post","status-publish","format-standard","hentry","category-cultura-bauru"],"aioseo_notices":[],"_links":{"self":[{"href":"https:\/\/www.encontrabauru.com.br\/sobre\/wp-json\/wp\/v2\/posts\/594","targetHints":{"allow":["GET"]}}],"collection":[{"href":"https:\/\/www.encontrabauru.com.br\/sobre\/wp-json\/wp\/v2\/posts"}],"about":[{"href":"https:\/\/www.encontrabauru.com.br\/sobre\/wp-json\/wp\/v2\/types\/post"}],"author":[{"embeddable":true,"href":"https:\/\/www.encontrabauru.com.br\/sobre\/wp-json\/wp\/v2\/users\/1"}],"replies":[{"embeddable":true,"href":"https:\/\/www.encontrabauru.com.br\/sobre\/wp-json\/wp\/v2\/comments?post=594"}],"version-history":[{"count":0,"href":"https:\/\/www.encontrabauru.com.br\/sobre\/wp-json\/wp\/v2\/posts\/594\/revisions"}],"wp:attachment":[{"href":"https:\/\/www.encontrabauru.com.br\/sobre\/wp-json\/wp\/v2\/media?parent=594"}],"wp:term":[{"taxonomy":"category","embeddable":true,"href":"https:\/\/www.encontrabauru.com.br\/sobre\/wp-json\/wp\/v2\/categories?post=594"},{"taxonomy":"post_tag","embeddable":true,"href":"https:\/\/www.encontrabauru.com.br\/sobre\/wp-json\/wp\/v2\/tags?post=594"}],"curies":[{"name":"wp","href":"https:\/\/api.w.org\/{rel}","templated":true}]}}