{"id":589,"date":"2025-12-14T09:21:00","date_gmt":"2025-12-14T12:21:00","guid":{"rendered":"https:\/\/www.encontrabauru.com.br\/sobre\/comissao-de-meio-ambiente-debate-cronograma-de-perfuracao-dos-pocos-do-complexo-val-de-palmas\/"},"modified":"2025-12-14T09:21:00","modified_gmt":"2025-12-14T12:21:00","slug":"comissao-de-meio-ambiente-debate-cronograma-de-perfuracao-dos-pocos-do-complexo-val-de-palmas","status":"publish","type":"post","link":"https:\/\/www.encontrabauru.com.br\/sobre\/comissao-de-meio-ambiente-debate-cronograma-de-perfuracao-dos-pocos-do-complexo-val-de-palmas\/","title":{"rendered":"Comiss\u00e3o de Meio Ambiente debate cronograma de perfura\u00e7\u00e3o dos po\u00e7os do Complexo Val de Palmas"},"content":{"rendered":"<div class=\"afac9f3eb9e49d7fc4d46fa627f8b2d3\" data-index=\"1\" style=\"float: none; margin:0px;\">\n<!-- Anuncio display - global -->\r\n<ins class=\"adsbygoogle\"\r\n     style=\"display:block\"\r\n     data-ad-client=\"ca-pub-8585364105181520\"\r\n     data-ad-slot=\"8789329856\"\r\n     data-ad-format=\"auto\"\r\n     data-full-width-responsive=\"true\"><\/ins>\r\n<script>\r\n     (adsbygoogle = window.adsbygoogle || []).push({});\r\n<\/script>\n<\/div>\n<h2>Entendendo o Complexo Val de Palmas<\/h2>\n<p>O Complexo Val de Palmas \u00e9 um projeto fundamental para o abastecimento de \u00e1gua em Bauru, no interior de S\u00e3o Paulo. Este complexo, atualmente em processo de constru\u00e7\u00e3o, busca enfrentar os desafios impostos pelas crises h\u00eddricas que a cidade enfrenta. Com um investimento total estimado em R$ 60 milh\u00f5es, parte do montante ser\u00e1 financiada por um empr\u00e9stimo a ser contratado com a Caixa Econ\u00f4mica Federal, evidenciando a urg\u00eancia e a relev\u00e2ncia deste projeto para a popula\u00e7\u00e3o local.<\/p>\n<p>A perfura\u00e7\u00e3o de po\u00e7os profundos \u00e9 a principal estrat\u00e9gia adotada. J\u00e1 no momento, um dos po\u00e7os, denominado P2, alcan\u00e7ou a profundidade de 320 metros, com previs\u00e3o de atingir 550 metros. Os po\u00e7os P1, P3 e P4 tamb\u00e9m est\u00e3o programados para serem perfurados, cada um com especifica\u00e7\u00f5es adequadas para garantir a efici\u00eancia do sistema de abastecimento.<\/p>\n<p>Al\u00e9m da perfura\u00e7\u00e3o dos po\u00e7os, a execu\u00e7\u00e3o de uma adutora com 6 km de extens\u00e3o se faz necess\u00e1ria. Essa adutora ter\u00e1 a fun\u00e7\u00e3o de conectar o Complexo de Po\u00e7os ao Reservat\u00f3rio do Alto Para\u00edso, essencial para assegurar a distribui\u00e7\u00e3o adequada da \u00e1gua pot\u00e1vel. O m\u00e9todo n\u00e3o destrutivo ser\u00e1 utilizado na constru\u00e7\u00e3o da adutora, minimizando riscos ambientais e danos aos locais adjacentes.<\/p>\n<h2>A import\u00e2ncia do abastecimento de \u00e1gua em Bauru<\/h2>\n<p>O abastecimento de \u00e1gua \u00e9 um dos direitos fundamentais da popula\u00e7\u00e3o e um componente essencial para o bem-estar e a sa\u00fade p\u00fablica. Em Bauru, o acesso \u00e0 \u00e1gua pot\u00e1vel \u00e9 um desafio constante devido a fatores como a seca, o crescimento populacional e a degrada\u00e7\u00e3o dos recursos h\u00eddricos. Assim, o projeto do Complexo Val de Palmas se prop\u00f5e a ser uma solu\u00e7\u00e3o vi\u00e1vel para garantir que os cidad\u00e3os tenham acesso \u00e0 \u00e1gua limpa e em quantidade suficiente.<\/p>\n<p>Historicamente, Bauru dependeu em grande parte do Rio Batalha para seu abastecimento, mas quest\u00f5es clim\u00e1ticas e a diminui\u00e7\u00e3o da quantidade de \u00e1gua dispon\u00edvel nesses recursos h\u00eddricos t\u00eam gerado preocupa\u00e7\u00f5es sobre a sustentabilidade do abastecimento. As alternativas, como a perfura\u00e7\u00e3o de po\u00e7os profundos, s\u00e3o caminhos explorados para diversificar as fontes de \u00e1gua e aumentar a resili\u00eancia da cidade diante de crises h\u00eddricas.<\/p>\n<p>Com o funcionamento do Complexo de Po\u00e7os Val de Palmas, espera-se que \u00e1reas que atualmente enfrentam dificuldades no abastecimento, como os bairros Alto Para\u00edso, Vila Falc\u00e3o e Vila Industrial, consigam reduzir sua depend\u00eancia do Rio Batalha. Esse cen\u00e1rio pode beneficiar at\u00e9 100 mil habitantes, melhorando a qualidade de vida e a sa\u00fade p\u00fablica na regi\u00e3o.<\/p>\n<h2>Detalhes sobre a audi\u00eancia p\u00fablica<\/h2>\n<p>A Audi\u00eancia P\u00fablica realizada pela Comiss\u00e3o de Meio Ambiente foi um espa\u00e7o crucial para discutir a execu\u00e7\u00e3o do Programa \u00c1gua de Todos e o cronograma de perfura\u00e7\u00e3o dos po\u00e7os do Complexo Val de Palmas. O evento, que contou com a presen\u00e7a de vereadores, representantes do Departamento de \u00c1gua e Esgoto (DAE) e membros da sociedade civil, proporcionou um importante di\u00e1logo sobre as expectativas e preocupa\u00e7\u00f5es em rela\u00e7\u00e3o ao abastecimento de \u00e1gua em Bauru.<\/p>\n<p>Durante a audi\u00eancia, foram abordados temas relacionados ao cronograma das obras, \u00e0 revis\u00e3o do Plano Diretor de \u00c1guas e \u00e0 seguran\u00e7a h\u00eddrica da popula\u00e7\u00e3o. O envolvimento da comunidade e a transpar\u00eancia nas a\u00e7\u00f5es do poder p\u00fablico s\u00e3o fundamentais para garantir a confian\u00e7a da popula\u00e7\u00e3o no processo de implementa\u00e7\u00e3o do projeto.<\/p>\n<p>Al\u00e9m disso, a participa\u00e7\u00e3o de especialistas, como diretores da DAE e membros do Comit\u00ea da Bacia do Rio Len\u00e7\u00f3is, trouxe perspectivas variadas para a discuss\u00e3o. A troca de informa\u00e7\u00f5es durante a audi\u00eancia fornece subs\u00eddios necess\u00e1rios para que a gest\u00e3o h\u00eddrica da cidade seja abordada de maneira integrada e eficaz.<\/p>\n<h2>Investimentos e parcerias para a perfura\u00e7\u00e3o<\/h2>\n<p>Um aspecto essencial para a efetiva\u00e7\u00e3o do Complexo Val de Palmas \u00e9 a mobiliza\u00e7\u00e3o de recursos financeiros e parcerias estrat\u00e9gicas. O investimento inicial de R$ 60 milh\u00f5es inclui um empr\u00e9stimo planejado junto \u00e0 Caixa Econ\u00f4mica Federal, formulando um modelo de parceria entre os setores p\u00fablico e financeiro. Enquanto os recursos do empr\u00e9stimo n\u00e3o estiverem dispon\u00edveis, a Prefeitura de Bauru j\u00e1 se comprometeu a iniciar as obras utilizando recursos pr\u00f3prios, demonstrando seu compromisso com a execu\u00e7\u00e3o do projeto.<\/p>\n<p>Al\u00e9m das parcerias financeiras, as colabora\u00e7\u00f5es com empresas e institui\u00e7\u00f5es de pesquisa s\u00e3o fundamentais. A Construtora Pacaembu, por exemplo, est\u00e1 viabilizando a perfura\u00e7\u00e3o do po\u00e7o P2, refletindo como a iniciativa privada pode contribuir com a execu\u00e7\u00e3o de projetos p\u00fablicos. Isso \u00e9 um exemplo de como um esfor\u00e7o conjunto pode potencializar recursos e expertise, garantindo resultados mais efetivos para a comunidade.<\/p>\n<h2>Como os po\u00e7os podem ajudar em crises h\u00eddricas<\/h2>\n<p>A perfura\u00e7\u00e3o de po\u00e7os profundos \u00e9 uma alternativa estrat\u00e9gica para lidar com as crises h\u00eddricas que t\u00eam afetado Bauru. Com a possibilidade de acessar aqu\u00edferos mais profundos e confi\u00e1veis, os po\u00e7os promovem uma diversifica\u00e7\u00e3o nas fontes de \u00e1gua, reduzindo a depend\u00eancia de recursos superficiais, que s\u00e3o suscet\u00edveis a varia\u00e7\u00f5es clim\u00e1ticas e contamina\u00e7\u00e3o.<\/p>\n<p>A capta\u00e7\u00e3o de \u00e1gua subterr\u00e2nea \u00e9 uma solu\u00e7\u00e3o que pode garantir a regularidade no abastecimento de \u00e1gua, vital para sustentar a popula\u00e7\u00e3o e as atividades econ\u00f4micas da cidade. A implementa\u00e7\u00e3o do Complexo de Po\u00e7os Val de Palmas pode, portanto, n\u00e3o apenas mitigar os efeitos da escassez h\u00eddrica, mas tamb\u00e9m contribuir para a sustentabilidade dos recursos h\u00eddricos da regi\u00e3o a longo prazo.<\/p>\n<p>Ademais, o gerenciamento adequado e a preserva\u00e7\u00e3o das \u00e1reas de recarga dos aqu\u00edferos s\u00e3o aspectos relevantes que precisam ser considerados. O fortalecimento das pol\u00edticas de conserva\u00e7\u00e3o do solo e da vegeta\u00e7\u00e3o, al\u00e9m da educa\u00e7\u00e3o ambiental, \u00e9 crucial para assegurar que esses recursos sejam utilizados de forma respons\u00e1vel e sustent\u00e1vel.<\/p>\n<h2>Perspectivas de conclus\u00e3o do projeto<\/h2>\n<p>A conclus\u00e3o eficiente do complexo de po\u00e7os \u00e9 uma meta ambiciosa do governo municipal. Segundo as autoridades, o compromisso \u00e9 finalizar todos os projetos at\u00e9 junho de 2026, entregando \u00e0 popula\u00e7\u00e3o um sistema de abastecimento capaz de suportar a demanda da cidade. O incentivo \u00e0 celeridade das obras, no entanto, depende da manuten\u00e7\u00e3o de uma boa gest\u00e3o e do cumprimento dos prazos estabelecidos.<\/p>\n<p>Os vereadores t\u00eam se mostrado atentos e empenhados em monitorar o andamento das obras, o que \u00e9 essencial para garantir a transpar\u00eancia e a responsabilidade do poder p\u00fablico. A realiza\u00e7\u00e3o de audi\u00eancias p\u00fablicas e o acesso \u00e0 informa\u00e7\u00e3o para a popula\u00e7\u00e3o s\u00e3o maneiras eficazes de fortalecer a participa\u00e7\u00e3o cidad\u00e3 nesse processo, sem a qual, a efic\u00e1cia das interven\u00e7\u00f5es pode ser comprometida.<\/p>\n<p>Adicionalmente, o uso de tecnologias modernas e t\u00e9cnicas de engenharia pode acelerar a execu\u00e7\u00e3o das obras e garantir resultados de maior qualidade. A troca de experi\u00eancias com outras cidades que passaram por desafios semelhantes pode tamb\u00e9m oferecer insights valiosos para o sucesso do projeto.<\/p>\n<h2>Debate sobre a revis\u00e3o do Plano Diretor de \u00c1guas<\/h2>\n<p>Outro aspecto relevante que foi discutido durante a audi\u00eancia p\u00fablica foi a necessidade de revisar o Plano Diretor de \u00c1guas (PDA) de Bauru. Essa revis\u00e3o \u00e9 de suma import\u00e2ncia, pois o PDA \u00e9 um instrumento fundamental para o planejamento e a gest\u00e3o dos recursos h\u00eddricos no munic\u00edpio. A \u00faltima atualiza\u00e7\u00e3o do plano ocorreu h\u00e1 v\u00e1rios anos e n\u00e3o contemplava a execu\u00e7\u00e3o emergencial do Complexo de Po\u00e7os Val de Palmas.<\/p>\n<p>A revis\u00e3o do PDA est\u00e1 programada para 2026, e espera-se que nesse contexto, a nova proposta traga diretrizes pr\u00e1ticas e inovadoras para garantir a sustentabilidade h\u00eddrica do munic\u00edpio. A participa\u00e7\u00e3o ativa da sociedade nesse processo \u00e9 essencial, uma vez que pode contribuir com sugest\u00f5es e apoiar a implementa\u00e7\u00e3o de estrat\u00e9gias que estejam em sintonia com as necessidades da popula\u00e7\u00e3o.<\/p>\n<p>A discuss\u00e3o sobre o PDA tamb\u00e9m deve contemplar a inter-rela\u00e7\u00e3o entre a prote\u00e7\u00e3o ambiental e a disponibilidade h\u00eddrica, priorizando a preserva\u00e7\u00e3o das nascentes e \u00e1reas de vegeta\u00e7\u00e3o nativa, que s\u00e3o essenciais para a recarga dos aqu\u00edferos.<\/p>\n<h2>Impactos no abastecimento da popula\u00e7\u00e3o<\/h2>\n<p>Os impactos que o Complexo Val de Palmas pode ter sobre o abastecimento da popula\u00e7\u00e3o em Bauru s\u00e3o significativos e abrangem v\u00e1rias dimens\u00f5es. A redu\u00e7\u00e3o da depend\u00eancia do Rio Batalha representa um avan\u00e7o importante na busca pela seguran\u00e7a h\u00eddrica, proporcionando maior estabilidade no fornecimento de \u00e1gua. \u00c0 medida que os novos po\u00e7os entrarem em opera\u00e7\u00e3o, espera-se que a qualidade e a quantidade de \u00e1gua dispon\u00edveis aumentem, beneficiando a sa\u00fade e a qualidade de vida dos cidad\u00e3os.<\/p>\n<p>Al\u00e9m disso, com a disponibilidade de novas fontes de \u00e1gua, \u00e9 prov\u00e1vel que os custos operacionais e de manuten\u00e7\u00e3o do sistema de abastecimento da cidade se tornem mais suport\u00e1veis. Isso poder\u00e1 refletir em tarifas mais justas e acess\u00edveis para os consumidores, contribuindo para a inclus\u00e3o social e minimizando os efeitos da crise h\u00eddrica sobre as popula\u00e7\u00f5es mais vulner\u00e1veis.<\/p>\n<p>No entanto, \u00e9 vital que o planejamento do sistema de abastecimento leve em considera\u00e7\u00e3o as diferentes demandas da popula\u00e7\u00e3o, como as zonas de maior crescimento urbano e os setores que necessitam de aten\u00e7\u00e3o especial, como a agricultura e a ind\u00fastria.<\/p>\n<h2>Os desafios da gest\u00e3o h\u00eddrica<\/h2>\n<p>A gest\u00e3o h\u00eddrica em Bauru enfrenta desafios cont\u00ednuos que exigem aten\u00e7\u00e3o e a\u00e7\u00e3o efetiva por parte das autoridades. Entre tais desafios, podemos citar a manuten\u00e7\u00e3o da qualidade da \u00e1gua, o controle das perdas no sistema de distribui\u00e7\u00e3o, e a conscientiza\u00e7\u00e3o da popula\u00e7\u00e3o sobre o uso respons\u00e1vel da \u00e1gua. As crises h\u00eddricas anteriores evidenciam a necessidade de um planejamento robusto e de pol\u00edticas p\u00fablicas que integrem a prote\u00e7\u00e3o dos recursos h\u00eddricos e a promo\u00e7\u00e3o do consumo sustent\u00e1vel.<\/p>\n<p>A implementa\u00e7\u00e3o do Complexo Val de Palmas precisa ser vista tamb\u00e9m como uma oportunidade de educar a popula\u00e7\u00e3o. Campanhas de conscientiza\u00e7\u00e3o sobre a preserva\u00e7\u00e3o da \u00e1gua e o uso consciente dos recursos h\u00eddricos podem ser desenvolvidas para estimular a participa\u00e7\u00e3o da popula\u00e7\u00e3o nesse esfor\u00e7o coletivo. Dessa forma, a gest\u00e3o h\u00eddrica se torna n\u00e3o apenas responsabilidade do governo, mas um compromisso de toda a sociedade.<\/p>\n<p>O envolvimento ativo da comunidade \u00e9 um fator essencial para o sucesso das a\u00e7\u00f5es de gest\u00e3o h\u00eddrica. Estruturar canais de di\u00e1logo e den\u00fancias para que a popula\u00e7\u00e3o possa participar do planejamento e da execu\u00e7\u00e3o de pol\u00edticas \u00e9 um passo importante para que todos possam colaborar na prote\u00e7\u00e3o dos recursos h\u00eddricos da regi\u00e3o.<\/p>\n<h2>Pr\u00f3ximos passos para a Comiss\u00e3o de Meio Ambiente<\/h2>\n<p>A Comiss\u00e3o de Meio Ambiente da C\u00e2mara Municipal de Bauru desempenha um papel central no acompanhamento de todos os processos relacionados ao Complexo Val de Palmas e demais iniciativas voltadas para a gest\u00e3o dos recursos h\u00eddricos. O planejamento de futuras audi\u00eancias p\u00fablicas, debates e a\u00e7\u00f5es de conscientiza\u00e7\u00e3o s\u00e3o fundamentais para garantir que a popula\u00e7\u00e3o esteja sempre informada e engajada.<\/p>\n<p>O pr\u00f3ximo encontro programado, que se concentrar\u00e1 na recupera\u00e7\u00e3o e preserva\u00e7\u00e3o das matas ciliares do Rio Batalha, \u00e9 uma excelente oportunidade para discutir a import\u00e2ncia desses ecossistemas na manuten\u00e7\u00e3o dos recursos h\u00eddricos e na mitiga\u00e7\u00e3o das crises h\u00eddricas. Al\u00e9m disso, a articula\u00e7\u00e3o entre munic\u00edpios vizinhos, como Agudos e Piratininga, ser\u00e1 fundamental para promover solu\u00e7\u00f5es integradas e eficazes que beneficiem toda a Bacia do Rio Batalha.<\/p>\n<p>Portanto, a atua\u00e7\u00e3o da Comiss\u00e3o de Meio Ambiente n\u00e3o se limita apenas \u00e0 fiscaliza\u00e7\u00e3o e ao acompanhamento de projetos, mas envolve tamb\u00e9m a promo\u00e7\u00e3o de um di\u00e1logo aberto entre poder p\u00fablico e sociedade, o que \u00e9 essencial para a constru\u00e7\u00e3o de uma gest\u00e3o h\u00eddrica mais eficaz e sustent\u00e1vel.<\/p>\n\n<div style=\"font-size: 0px; height: 0px; line-height: 0px; margin: 0; padding: 0; clear: both;\"><\/div>","protected":false},"excerpt":{"rendered":"<p>Comiss\u00e3o de Meio Ambiente debate cronograma e import\u00e2ncia da perfura\u00e7\u00e3o dos po\u00e7os em Bauru.<\/p>\n","protected":false},"author":1,"featured_media":0,"comment_status":"open","ping_status":"closed","sticky":false,"template":"","format":"standard","meta":{"footnotes":""},"categories":[14],"tags":[],"class_list":["post-589","post","type-post","status-publish","format-standard","hentry","category-cultura-bauru"],"aioseo_notices":[],"_links":{"self":[{"href":"https:\/\/www.encontrabauru.com.br\/sobre\/wp-json\/wp\/v2\/posts\/589","targetHints":{"allow":["GET"]}}],"collection":[{"href":"https:\/\/www.encontrabauru.com.br\/sobre\/wp-json\/wp\/v2\/posts"}],"about":[{"href":"https:\/\/www.encontrabauru.com.br\/sobre\/wp-json\/wp\/v2\/types\/post"}],"author":[{"embeddable":true,"href":"https:\/\/www.encontrabauru.com.br\/sobre\/wp-json\/wp\/v2\/users\/1"}],"replies":[{"embeddable":true,"href":"https:\/\/www.encontrabauru.com.br\/sobre\/wp-json\/wp\/v2\/comments?post=589"}],"version-history":[{"count":0,"href":"https:\/\/www.encontrabauru.com.br\/sobre\/wp-json\/wp\/v2\/posts\/589\/revisions"}],"wp:attachment":[{"href":"https:\/\/www.encontrabauru.com.br\/sobre\/wp-json\/wp\/v2\/media?parent=589"}],"wp:term":[{"taxonomy":"category","embeddable":true,"href":"https:\/\/www.encontrabauru.com.br\/sobre\/wp-json\/wp\/v2\/categories?post=589"},{"taxonomy":"post_tag","embeddable":true,"href":"https:\/\/www.encontrabauru.com.br\/sobre\/wp-json\/wp\/v2\/tags?post=589"}],"curies":[{"name":"wp","href":"https:\/\/api.w.org\/{rel}","templated":true}]}}