{"id":527,"date":"2025-12-03T12:53:00","date_gmt":"2025-12-03T15:53:00","guid":{"rendered":"https:\/\/www.encontrabauru.com.br\/sobre\/prefeitura-de-bauru-inaugura-a-emeii-luis-carlos-venturini\/"},"modified":"2025-12-03T12:53:00","modified_gmt":"2025-12-03T15:53:00","slug":"prefeitura-de-bauru-inaugura-a-emeii-luis-carlos-venturini","status":"publish","type":"post","link":"https:\/\/www.encontrabauru.com.br\/sobre\/prefeitura-de-bauru-inaugura-a-emeii-luis-carlos-venturini\/","title":{"rendered":"Prefeitura de Bauru inaugura a Emeii Lu\u00eds Carlos Venturini"},"content":{"rendered":"<div class=\"afac9f3eb9e49d7fc4d46fa627f8b2d3\" data-index=\"1\" style=\"float: none; margin:0px;\">\n<!-- Anuncio display - global -->\r\n<ins class=\"adsbygoogle\"\r\n     style=\"display:block\"\r\n     data-ad-client=\"ca-pub-8585364105181520\"\r\n     data-ad-slot=\"8789329856\"\r\n     data-ad-format=\"auto\"\r\n     data-full-width-responsive=\"true\"><\/ins>\r\n<script>\r\n     (adsbygoogle = window.adsbygoogle || []).push({});\r\n<\/script>\n<\/div>\n<h2>Inaugura\u00e7\u00e3o da Emeii Lu\u00eds Carlos Venturini<\/h2>\n<p>No dia 7 de novembro de 2025, a Prefeitura de Bauru, atrav\u00e9s da Secretaria de Educa\u00e7\u00e3o, celebrou a inaugura\u00e7\u00e3o da nova Escola Municipal de Educa\u00e7\u00e3o Infantil Integral (Emeii) Lu\u00eds Carlos Venturini, localizada no N\u00facleo Fortunato Rocha Lima. O evento foi marcado pela presen\u00e7a da prefeita Su\u00e9llen Rosim e de diversas autoridades locais, incluindo vereadores e secret\u00e1rios do munic\u00edpio. Este momento simb\u00f3lico n\u00e3o apenas representa um avan\u00e7o significativo na \u00e1rea da educa\u00e7\u00e3o infantil na regi\u00e3o, mas tamb\u00e9m reflete o compromisso da administra\u00e7\u00e3o p\u00fablica em oferecer melhores condi\u00e7\u00f5es de aprendizado para as crian\u00e7as.<\/p>\n<p>A nova escola foi projetada para atender 180 alunos em per\u00edodo integral, oferecendo um espa\u00e7o de aprendizado seguro e acolhedor, constru\u00eddo com os mais altos padr\u00f5es de qualidade. A estrutura f\u00edsica da Emeii foi idealizada para proporcionar um ambiente que favore\u00e7a o desenvolvimento integral das crian\u00e7as, com salas de aula amplas, ber\u00e7\u00e1rios, sanit\u00e1rios adequados, cozinha equipada, refeit\u00f3rio, al\u00e9m de \u00e1reas de recrea\u00e7\u00e3o com playground, p\u00e1tio e atividades ao ar livre.<\/p>\n<p>Esse espa\u00e7o n\u00e3o \u00e9 apenas um local de ensino; ele se torna um ponto de encontro para a comunidade, evidenciando a import\u00e2ncia da educa\u00e7\u00e3o na forma\u00e7\u00e3o de cidad\u00e3os conscientes e cr\u00edticos. A presen\u00e7a da comunidade durante a inaugura\u00e7\u00e3o refor\u00e7ou o papel social da escola, que se prop\u00f5e a ser um verdadeiro centro de refer\u00eancia para o aprendizado e o desenvolvimento das crian\u00e7as da regi\u00e3o.<\/p>\n<p><img decoding=\"async\" src=\"https:\/\/www.encontrabauru.com.br\/sobre\/wp-content\/uploads\/2025\/12\/prefeitura-de-bauru-inaugura-a-emeii-luis-carlos-venturini.webp\" alt=\"Emeii Lu\u00eds Carlos Venturini\" loading=\"lazy\" \/><\/p>\n<h2>Detalhes sobre a nova escola infantil<\/h2>\n<p>A Emeii Lu\u00eds Carlos Venturini \u00e9 um projeto que reflete a necessidade de expans\u00e3o do atendimento \u00e0 educa\u00e7\u00e3o infantil em Bauru, especialmente considerando a crescente demanda por vagas nesse segmento. A constru\u00e7\u00e3o da escola teve in\u00edcio em 2018, mas enfrentou um per\u00edodo de paralisa\u00e7\u00e3o em 2020, o que gerou preocupa\u00e7\u00e3o e expectativa na comunidade. Com a reinicializa\u00e7\u00e3o das obras no in\u00edcio da gest\u00e3o da prefeita Su\u00e9llen Rosim, a nova escola finalmente se tornou realidade.<\/p>\n<p>O investimento total na obra foi de R$ 5.672.690,67, sendo que desse montante, R$ 1.979.860,83 foram provenientes do governo federal pelo Fundo Nacional de Desenvolvimento da Educa\u00e7\u00e3o (FNDE) e os R$ 3.692.829,84 restantes foram oriundos de recursos do munic\u00edpio. Essa parceria demonstra a import\u00e2ncia do financiamento conjunto entre os entes federativos para a execu\u00e7\u00e3o de projetos essenciais \u00e0 comunidade, como a educa\u00e7\u00e3o.<\/p>\n<p>A estrutura interna da escola foi meticulosamente planejada para atender as necessidades educacionais das crian\u00e7as. As salas de aula s\u00e3o equipadas com recursos pedag\u00f3gicos modernos, acessibilidade para crian\u00e7as com mobilidade reduzida, e oferecem um ambiente acolhedor e estimulante. Os ber\u00e7\u00e1rios, especialmente, foram projetados com a seguran\u00e7a e o conforto das crian\u00e7as em mente, assegurando que os mais pequenos tenham um espa\u00e7o apropriado para o aprendizado e a socializa\u00e7\u00e3o.<\/p>\n<h2>Investimentos e parcerias na obra<\/h2>\n<p>A realiza\u00e7\u00e3o da Emeii Lu\u00eds Carlos Venturini \u00e9 um exemplo claro da import\u00e2ncia de parcerias entre o governo municipal e o federal. O apoio financeiro do FNDE foi crucial para que a obra pudesse ser retomada e finalizada, demonstrando como as pol\u00edticas p\u00fablicas de educa\u00e7\u00e3o podem ser fortalecidas atrav\u00e9s do investimento conjunto. Al\u00e9m do aspecto financeiro, a atua\u00e7\u00e3o e o comprometimento de v\u00e1rias secretarias municipal e a colabora\u00e7\u00e3o da comunidade foram fundamentais para superar os desafios que surgiram durante o processo de constru\u00e7\u00e3o.<\/p>\n<p>Al\u00e9m da constru\u00e7\u00e3o da Emeii, a administra\u00e7\u00e3o municipal est\u00e1 atenta \u00e0s necessidades do N\u00facleo Fortunato Rocha Lima como um todo. A prefeita mencionou que o entorno da escola tamb\u00e9m recebeu melhorias significativas, como obras de drenagem e pavimenta\u00e7\u00e3o, refor\u00e7ando a ideia de que a educa\u00e7\u00e3o deve estar acompanhada de infraestrutura adequada para garantir a qualidade de vida dos estudantes.<\/p>\n<h2>A import\u00e2ncia de novas vagas na educa\u00e7\u00e3o infantil<\/h2>\n<p>O aumento do n\u00famero de vagas na educa\u00e7\u00e3o infantil \u00e9 uma necessidade urgente em Bauru, onde as demandas por creches e escolas s\u00e3o crescentes. A Emeii Lu\u00eds Carlos Venturini atende a essa demanda, oferecendo 180 novas vagas que podem impactar positivamente a vida de muitas fam\u00edlias na regi\u00e3o. O acesso \u00e0 educa\u00e7\u00e3o infantil de qualidade desde cedo \u00e9 um fator determinante para o desenvolvimento social e cognitivo das crian\u00e7as, influenciando diretamente suas futuras oportunidades de aprendizado.<\/p>\n<p>Ademais, a educa\u00e7\u00e3o em tempo integral proporciona um ambiente onde as crian\u00e7as podem aprender de forma mais abrangente e integrada, desenvolvendo n\u00e3o apenas habilidades acad\u00eamicas, mas tamb\u00e9m sociais e emocionais. Essa abordagem \u00e9 crucial para a forma\u00e7\u00e3o de um cidad\u00e3o pleno, que saiba se relacionar em sociedade e enfrentar os desafios cotidianos com confian\u00e7a e habilidade.<\/p>\n<p>O fortalecimento da educa\u00e7\u00e3o infantil tamb\u00e9m implica um olhar atento \u00e0s condi\u00e7\u00f5es em que essa educa\u00e7\u00e3o \u00e9 oferecida. \u00c9 fundamental que as escolas estejam preparadas com infraestrutura adequada, profissionais qualificados e recursos pedag\u00f3gicos que estimulem o aprendizado. A nova Emeii n\u00e3o apenas traz um aumento quantitativo nas vagas, mas tamb\u00e9m visa garantir uma educa\u00e7\u00e3o de qualidade atrav\u00e9s de uma infraestrutura moderna e acolhedora.<\/p>\n<h2>Discursos durante a cerim\u00f4nia de inaugura\u00e7\u00e3o<\/h2>\n<p>Durante a cerim\u00f4nia de inaugura\u00e7\u00e3o da Emeii, diversos discursos foram proferidos, ressaltando a import\u00e2ncia da educa\u00e7\u00e3o e da entrega de mais uma escola para a comunidade. A prefeita Su\u00e9llen Rosim destacou o esfor\u00e7o e a determina\u00e7\u00e3o de sua equipe em retomar a obra e garantir que as crian\u00e7as do N\u00facleo Fortunato Rocha Lima tivessem acesso a uma educa\u00e7\u00e3o de qualidade.<\/p>\n<p>O secret\u00e1rio da Educa\u00e7\u00e3o, Nilson Ghirardello, refor\u00e7ou a import\u00e2ncia da nova escola na cria\u00e7\u00e3o de oportunidades para as crian\u00e7as e elogiou o empenho dos professores e funcion\u00e1rios que trabalhar\u00e3o na Emeii. &#8220;A entrega de uma nova escola \u00e9 sempre motivo de celebra\u00e7\u00e3o, pois sabemos que estamos proporcionando um espa\u00e7o que vai beneficiar n\u00e3o apenas as crian\u00e7as, mas a toda a comunidade&#8221;, afirmou.<\/p>\n<p>Os vereadores tamb\u00e9m aproveitaram a oportunidade para comentar sobre o impacto positivo da constru\u00e7\u00e3o da Emeii na regi\u00e3o e agradecendo a todos que trabalharam para que a obra fosse finalizada. O discurso de cada um refor\u00e7ou o compromisso de todos os envolvidos com a educa\u00e7\u00e3o e a valoriza\u00e7\u00e3o do ensino no munic\u00edpio, o que \u00e9 essencial para o desenvolvimento de uma sociedade mais justa e igualit\u00e1ria.<\/p>\n<h2>A hist\u00f3ria de Lu\u00eds Carlos Venturini<\/h2>\n<p>O patrono da escola, Lu\u00eds Carlos Venturini, foi uma personalidade admirada por sua dedica\u00e7\u00e3o ao ensino e sua paix\u00e3o pela educa\u00e7\u00e3o. Nascido em 18 de abril de 1969, em Bauru, Lu\u00eds Carlos deixou um legado emocionante, sendo um professor exemplar que sempre buscou inovar e engajar seus alunos em diversas atividades educacionais.<\/p>\n<p>Formado em Letras pela Unesp de Assis, ele n\u00e3o se limitou \u00e0 sala de aula, atuando tamb\u00e9m como locutor de r\u00e1dio, onde se destacou por seu carisma e pela maneira como envolvia o p\u00fablico. Tornou-se conhecido por suas campanhas educativas e projetos que visavam conscientizar a juventude sobre temas como sa\u00fade e seguran\u00e7a, evidenciando sua preocupa\u00e7\u00e3o com o futuro da sociedade.<\/p>\n<p>A homenagem a Lu\u00eds Carlos Venturini, dando seu nome \u00e0 escola, \u00e9 mais que uma recorda\u00e7\u00e3o; simboliza a continuidade de sua dedica\u00e7\u00e3o e amor pela educa\u00e7\u00e3o. A nova escola ser\u00e1 um espa\u00e7o onde suas ideias e valores podem, de certa forma, ser vividos e compartilhados entre as futuras gera\u00e7\u00f5es.<\/p>\n<h2>Melhorias na infraestrutura do entorno<\/h2>\n<p>Al\u00e9m da constru\u00e7\u00e3o da Emeii, a prefeitura tamb\u00e9m implementou diversas melhorias na infraestrutura do entorno da escola, reconhecendo que a educa\u00e7\u00e3o n\u00e3o se limita aos muros da institui\u00e7\u00e3o. O desenvolvimento de obras de drenagem e pavimenta\u00e7\u00e3o que cercam a escola visa oferecer condi\u00e7\u00f5es adequadas para mobilidade dos alunos, dos pais e de toda a comunidade.<\/p>\n<p>Essas melhorias s\u00e3o essenciais n\u00e3o somente para aumentar a seguran\u00e7a dos alunos, mas tamb\u00e9m para proporcionar um ambiente agrad\u00e1vel e acess\u00edvel. Ao garantir que o acesso \u00e0 escola seja facilitado por vias pavimentadas e drenadas, a administra\u00e7\u00e3o municipal demonstra um compromisso com a qualidade de vida da popula\u00e7\u00e3o daquela regi\u00e3o, integrando educa\u00e7\u00e3o e cidadania.<\/p>\n<p>A nova escola, portanto, se destaca como um projeto integral que leva em considera\u00e7\u00e3o os aspectos f\u00edsicos, sociais e educacionais, contribuindo para um futuro mais brilhante e digno para as crian\u00e7as e suas fam\u00edlias.<\/p>\n<h2>Pr\u00f3ximos passos para a educa\u00e7\u00e3o em Bauru<\/h2>\n<p>Com a inaugura\u00e7\u00e3o da Emeii Lu\u00eds Carlos Venturini, a Secretaria de Educa\u00e7\u00e3o de Bauru n\u00e3o se d\u00e1 por satisfeita, mas continua a planejar e executar novas obras que visam expandir o atendimento e melhorar cada vez mais a qualidade da educa\u00e7\u00e3o municipal. Em breve, ser\u00e1 inaugurado o novo pr\u00e9dio da Emei Apparecida Pereira Pezzatto, e o local que atualmente abriga a escola passar\u00e1 por reformas para acolher a nova unidade, denominada Emeii Padre Carlos Antonio Pessoa.<\/p>\n<p>Essas a\u00e7\u00f5es fazem parte de uma agenda de reformas e constru\u00e7\u00f5es que inclui diversas outras escolas, como a Emeii Padre Buenaventura Ramirez e a Emeii Jurandir de Mattos Jardim, que est\u00e3o com obras em andamento. O compromisso da administra\u00e7\u00e3o em melhorar a educa\u00e7\u00e3o \u00e9 um dos pilares fundamentais para a forma\u00e7\u00e3o de cidad\u00e3os preparados para os desafios do futuro, e mostra que a educa\u00e7\u00e3o \u00e9 uma prioridade na gest\u00e3o p\u00fablica.<\/p>\n<p>Al\u00e9m das obras, h\u00e1 tamb\u00e9m um foco em formar e capacitar educadores, uma vez que professores bem preparados s\u00e3o essenciais para garantir uma educa\u00e7\u00e3o de qualidade. A valoriza\u00e7\u00e3o do profissional de educa\u00e7\u00e3o e o investimento em sua forma\u00e7\u00e3o cont\u00ednua s\u00e3o aspectos que caminham juntos com a expans\u00e3o f\u00edsica das escolas, assegurando assim a excel\u00eancia no processo ensino-aprendizagem.<\/p>\n<h2>Depoimentos dos vereadores e da comunidade<\/h2>\n<p>Os depoimentos dos vereadores e da comunidade durante a inaugura\u00e7\u00e3o da Emeii Lu\u00eds Carlos Venturini foram calorosos e repletos de gratid\u00e3o. Os vereadores que estiveram presentes na cerim\u00f4nia compartilharam suas experi\u00eancias e expectativas em rela\u00e7\u00e3o \u00e0 nova escola, cada um ressaltando a import\u00e2ncia daquela obra para a transforma\u00e7\u00e3o da realidade local.<\/p>\n<p>O presidente da C\u00e2mara Municipal, Markinho Souza, fez quest\u00e3o de destacar como a obra representa um avan\u00e7o significativo para a educa\u00e7\u00e3o da regi\u00e3o, afirmando que a popula\u00e7\u00e3o agora conta com um espa\u00e7o que atender\u00e1 \u00e0s necessidades das crian\u00e7as e suas fam\u00edlias. Ele enfatizou a import\u00e2ncia do trabalho em equipe entre as diversas esferas do governo para a concretiza\u00e7\u00e3o de projetos dessa magnitude.<\/p>\n<p>As fam\u00edlias presentes compartilharam seu al\u00edvio e contentamento com a abertura das novas vagas e o acesso a uma educa\u00e7\u00e3o de qualidade, evidenciando a import\u00e2ncia que a Emeii ter\u00e1 na rotina de suas vidas. Para muitos, a chance de matricular seus filhos em um ambiente que promove aprendizado e bem-estar \u00e9 uma verdadeira conquista.<\/p>\n<h2>A vis\u00e3o da Secretaria de Educa\u00e7\u00e3o para o futuro<\/h2>\n<p>A Secretaria de Educa\u00e7\u00e3o de Bauru tem se mostrado proativa e inovadora em suas a\u00e7\u00f5es, com uma vis\u00e3o clara de futuro em rela\u00e7\u00e3o \u00e0 educa\u00e7\u00e3o infantil no munic\u00edpio. A constru\u00e7\u00e3o e inaugura\u00e7\u00e3o da Emeii Lu\u00eds Carlos Venturini s\u00e3o apenas o in\u00edcio de um plano mais amplo para a melhoria cont\u00ednua do sistema educacional da cidade.<\/p>\n<p>Em sua vis\u00e3o, a gest\u00e3o acredita que a educa\u00e7\u00e3o \u00e9 um direito fundamental e uma ferramenta poderosa para a transforma\u00e7\u00e3o social. Investindo em infraestrutura, capacita\u00e7\u00e3o de professores e programas pedag\u00f3gicos, a Secretaria busca garantir que todas as crian\u00e7as tenham acesso a um ensino que prepare para o futuro, respeitando as diversidades e sabem cultivar um ambiente que favore\u00e7a o aprendizado colaborativo.<\/p>\n<p>Os pr\u00f3ximos passos incluem a amplia\u00e7\u00e3o do acesso \u00e0 educa\u00e7\u00e3o infantil, com a cont\u00ednua constru\u00e7\u00e3o de novas escolas e a renova\u00e7\u00e3o de estruturas j\u00e1 existentes. Al\u00e9m disso, o investimento na forma\u00e7\u00e3o docente e na atualiza\u00e7\u00e3o de m\u00e9todos de ensino s\u00e3o prioridades, pois a qualidade da educa\u00e7\u00e3o passa diretamente pela capacita\u00e7\u00e3o de seus profissionais. A Secretaria est\u00e1 comprometida em criar um ambiente onde a educa\u00e7\u00e3o n\u00e3o seja apenas uma obriga\u00e7\u00e3o, mas uma experi\u00eancia transformadora.<\/p>\n\n<div style=\"font-size: 0px; height: 0px; line-height: 0px; margin: 0; padding: 0; clear: both;\"><\/div>","protected":false},"excerpt":{"rendered":"<p>Prefeitura de Bauru apresenta a nova Emeii Lu\u00eds Carlos Venturini com 180 vagas para educa\u00e7\u00e3o infantil.<\/p>\n","protected":false},"author":1,"featured_media":526,"comment_status":"open","ping_status":"closed","sticky":false,"template":"","format":"standard","meta":{"footnotes":""},"categories":[21],"tags":[],"class_list":["post-527","post","type-post","status-publish","format-standard","has-post-thumbnail","hentry","category-noticias-bauru","has_thumb"],"aioseo_notices":[],"_links":{"self":[{"href":"https:\/\/www.encontrabauru.com.br\/sobre\/wp-json\/wp\/v2\/posts\/527","targetHints":{"allow":["GET"]}}],"collection":[{"href":"https:\/\/www.encontrabauru.com.br\/sobre\/wp-json\/wp\/v2\/posts"}],"about":[{"href":"https:\/\/www.encontrabauru.com.br\/sobre\/wp-json\/wp\/v2\/types\/post"}],"author":[{"embeddable":true,"href":"https:\/\/www.encontrabauru.com.br\/sobre\/wp-json\/wp\/v2\/users\/1"}],"replies":[{"embeddable":true,"href":"https:\/\/www.encontrabauru.com.br\/sobre\/wp-json\/wp\/v2\/comments?post=527"}],"version-history":[{"count":0,"href":"https:\/\/www.encontrabauru.com.br\/sobre\/wp-json\/wp\/v2\/posts\/527\/revisions"}],"wp:featuredmedia":[{"embeddable":true,"href":"https:\/\/www.encontrabauru.com.br\/sobre\/wp-json\/wp\/v2\/media\/526"}],"wp:attachment":[{"href":"https:\/\/www.encontrabauru.com.br\/sobre\/wp-json\/wp\/v2\/media?parent=527"}],"wp:term":[{"taxonomy":"category","embeddable":true,"href":"https:\/\/www.encontrabauru.com.br\/sobre\/wp-json\/wp\/v2\/categories?post=527"},{"taxonomy":"post_tag","embeddable":true,"href":"https:\/\/www.encontrabauru.com.br\/sobre\/wp-json\/wp\/v2\/tags?post=527"}],"curies":[{"name":"wp","href":"https:\/\/api.w.org\/{rel}","templated":true}]}}