{"id":423,"date":"2025-11-10T12:52:00","date_gmt":"2025-11-10T15:52:00","guid":{"rendered":"https:\/\/www.encontrabauru.com.br\/sobre\/?p=423"},"modified":"2025-11-10T12:52:00","modified_gmt":"2025-11-10T15:52:00","slug":"video-homem-em-situacao-de-rua-e-agredido-com-pedaco-de-madeira-12-vezes-na-cabeca-enquanto-dormia-em-bauru","status":"publish","type":"post","link":"https:\/\/www.encontrabauru.com.br\/sobre\/video-homem-em-situacao-de-rua-e-agredido-com-pedaco-de-madeira-12-vezes-na-cabeca-enquanto-dormia-em-bauru\/","title":{"rendered":"V\u00cdDEO: homem em situa\u00e7\u00e3o de rua \u00e9 agredido com peda\u00e7o de madeira 12 vezes na cabe\u00e7a enquanto dormia em Bauru"},"content":{"rendered":"<div class=\"afac9f3eb9e49d7fc4d46fa627f8b2d3\" data-index=\"1\" style=\"float: none; margin:0px;\">\n<!-- Anuncio display - global -->\r\n<ins class=\"adsbygoogle\"\r\n     style=\"display:block\"\r\n     data-ad-client=\"ca-pub-8585364105181520\"\r\n     data-ad-slot=\"8789329856\"\r\n     data-ad-format=\"auto\"\r\n     data-full-width-responsive=\"true\"><\/ins>\r\n<script>\r\n     (adsbygoogle = window.adsbygoogle || []).push({});\r\n<\/script>\n<\/div>\n<h2>O Ataque Violento e Suas Consequ\u00eancias<\/h2>\n<p>Em Bauru, um homem em situa\u00e7\u00e3o de rua foi v\u00edtima de um ataque violento que chocou a comunidade local. O incidente ocorreu em uma das pra\u00e7as centrais da cidade, onde o homem estava descansando. De acordo com testemunhas, ele foi agredido sem aviso pr\u00e9vio por um grupo de jovens que se divertiam nas proximidades.<\/p>\n<p>A brutalidade da a\u00e7\u00e3o deixou o homem gravemente ferido, necessitando de atendimento m\u00e9dico urgente. As agress\u00f5es inclu\u00edram socos, pontap\u00e9s e at\u00e9 mesmo objetos contundentes. As consequ\u00eancias foram devastadoras, resultando em m\u00faltiplas fraturas e uma concuss\u00e3o.<\/p>\n<p>Ap\u00f3s o ataque, a v\u00edtima foi levada para um hospital local, onde recebeu cuidados intensivos. O trauma f\u00edsico foi acompanhado de um grande impacto emocional, uma vez que viver nas ruas j\u00e1 \u00e9 um desafio repleto de adversidades e riscos.<\/p>\n<h2>A Identidade do Agressor Revelada<\/h2>\n<p>Ap\u00f3s uma investiga\u00e7\u00e3o r\u00e1pida, as autoridades conseguiram identificar o grupo agressor. Eles eram jovens conhecidos na vizinhan\u00e7a, que j\u00e1 tinham sido relatados por comportamentos violentos anteriormente. A identifica\u00e7\u00e3o foi poss\u00edvel gra\u00e7as a uma combina\u00e7\u00e3o de testemunhos de pessoas que estavam no local e imagens capturadas por c\u00e2meras de seguran\u00e7a. Isso ressalta a import\u00e2ncia de mecanismos de vigil\u00e2ncia na an\u00e1lise de crimes violentos.<\/p>\n<p>Os agressores foram detidos, e a pol\u00edcia iniciou o processo judicial. As identidades reveladas aumentaram as discuss\u00f5es sobre a viol\u00eancia entre os jovens na cidade, levando a um questionamento sobre as influ\u00eancias sociais e familiares que podem ter contribu\u00eddo para comportamentos t\u00e3o extremos.<\/p>\n<h2>Motiva\u00e7\u00f5es por tr\u00e1s da A\u00e7\u00e3o Brutal<\/h2>\n<p>As motiva\u00e7\u00f5es que levaram ao ataque ainda est\u00e3o sendo investigadas. Especialistas em comportamento da juventude apontam que fatores como o ambiente familiar, a press\u00e3o de grupo e a normaliza\u00e7\u00e3o da viol\u00eancia na sociedade podem ter pap\u00e9is significativos nesse contexto.<\/p>\n<p>Al\u00e9m disso, o uso de subst\u00e2ncias l\u00edcitas e il\u00edcitas entre os jovens pode impactar o controle de impulsos e o julgamento moral. Quando grupos de jovens se re\u00fanem, \u00e9 poss\u00edvel observar um aumento nos comportamentos agressivos, devido \u00e0 chamada \u201cdesinibi\u00e7\u00e3o social\u201d.<\/p>\n<p>Estudos sugerem que momentos de tens\u00e3o social, como a pandemia e suas consequ\u00eancias econ\u00f4micas, tamb\u00e9m podem elevar a incid\u00eancia de atos violentos em grupos marginalizados e vulner\u00e1veis, como os que est\u00e3o em situa\u00e7\u00e3o de rua.<\/p>\n<h2>Rea\u00e7\u00f5es da Comunidade ao Incidente<\/h2>\n<p>Ap\u00f3s a divulga\u00e7\u00e3o do caso, a comunidade de Bauru se mobilizou em solidariedade \u00e0 v\u00edtima. Muitos habitantes expressaram sua indigna\u00e7\u00e3o nas redes sociais, criando campanhas e discuss\u00f5es sobre a viol\u00eancia urbana. Algumas ONGs locais come\u00e7aram a organizar vig\u00edlias e arrecada\u00e7\u00f5es de doa\u00e7\u00f5es para a recupera\u00e7\u00e3o da v\u00edtima.<\/p>\n<p>As rea\u00e7\u00f5es foram variadas, com muitos moradores exigindo a\u00e7\u00f5es efetivas por parte das autoridades para que a seguran\u00e7a dos cidad\u00e3os \u2014 especialmente aqueles em situa\u00e7\u00e3o de vulnerabilidade \u2014 fosse uma prioridade. Grupos de ativismo social come\u00e7aram a pressionar por pol\u00edticas que visem a prote\u00e7\u00e3o e o apoio a pessoas em situa\u00e7\u00e3o de rua.<\/p>\n<h2>Assist\u00eancia M\u00e9dica \u00e0 V\u00edtima<\/h2>\n<p>O homem em situa\u00e7\u00e3o de rua recebeu assist\u00eancia m\u00e9dica imediata ap\u00f3s o ataque. A equipe m\u00e9dica reportou que ele estava em estado cr\u00edtico, apresentando m\u00faltiplas fraturas e um sangramento excessivo. O hospital mobilizou uma equipe multidisciplinar para garantir que o homem recebesse todo o suporte necess\u00e1rio.<\/p>\n<p>Ap\u00f3s os primeiros socorros, ele foi submetido a cirurgias para reparar os danos causados pelas agress\u00f5es. A recupera\u00e7\u00e3o dele exigir\u00e1 tempo e, possivelmente, reabilita\u00e7\u00e3o, o que levanta a quest\u00e3o sobre o acesso cont\u00ednuo a cuidados m\u00e9dicos para pessoas em situa\u00e7\u00e3o de rua.<\/p>\n<p>Al\u00e9m do tratamento f\u00edsico, a assist\u00eancia psicossocial tamb\u00e9m foi sugerida, para ajud\u00e1-lo a superar os traumas emocionais decorrentes do ataque. O suporte psicol\u00f3gico \u00e9 essencial para garantir que ele n\u00e3o apenas se recupere fisicamente, mas que tamb\u00e9m consiga retomar sua dignidade e confian\u00e7a.<\/p>\n<h2>Como As C\u00e2meras de Seguran\u00e7a Ajudaram Na Investiga\u00e7\u00e3o<\/h2>\n<p>As c\u00e2meras de seguran\u00e7a dispon\u00edveis na \u00e1rea foram fundamentais para a investiga\u00e7\u00e3o do ataque. As grava\u00e7\u00f5es mostraram a din\u00e2mica do ataque e identificaram os agressores de forma clara. Esse material foi crucial para a pol\u00edcia conseguir prender os suspeitos rapidamente.<\/p>\n<p>Al\u00e9m de ajudar a capturar os criminosos, o uso de c\u00e2meras de seguran\u00e7a levanta um debate sobre a privacidade e a \u00e9tica no monitoramento p\u00fablico. Enquanto muitos defendem que a vigil\u00e2ncia melhora a seguran\u00e7a, outros alertam para os riscos de abuso e de uma cultura de vigil\u00e2ncia excessiva.<\/p>\n<h2>O Papel da Pol\u00edcia na Captura do Suspeito<\/h2>\n<p>A atua\u00e7\u00e3o da pol\u00edcia foi r\u00e1pida e eficaz, refletindo um esfor\u00e7o coletivo para garantir a seguran\u00e7a da comunidade. A identifica\u00e7\u00e3o e captura dos suspeitos foi um resultado direto da colabora\u00e7\u00e3o entre a popula\u00e7\u00e3o e as autoridades.<\/p>\n<p>A opera\u00e7\u00e3o policial envolveu a distribui\u00e7\u00e3o de informa\u00e7\u00f5es sobre os agressores e o reconhecimento das caracter\u00edsticas deles em diversos bairros. Muitos cidad\u00e3os ajudaram a identificar e denunciar os agressores, demonstrando solidariedade em rela\u00e7\u00e3o \u00e0 v\u00edtima.<\/p>\n<p>A verdade \u00e9 que a resposta r\u00e1pida da pol\u00edcia n\u00e3o s\u00f3 garantiu a pris\u00e3o dos agressores, mas tamb\u00e9m promoveu um sentimento de seguran\u00e7a entre os moradores. Essa situa\u00e7\u00e3o destaca a import\u00e2ncia da confian\u00e7a na pol\u00edcia e o impacto que a colabora\u00e7\u00e3o comunit\u00e1ria pode ter na seguran\u00e7a p\u00fablica.<\/p>\n<h2>Impacto da Viol\u00eancia em Pessoas em Situa\u00e7\u00e3o de Rua<\/h2>\n<p>A viol\u00eancia contra pessoas em situa\u00e7\u00e3o de rua \u00e9 um problema recorrente em diversas cidades. Esse tipo de viol\u00eancia n\u00e3o apenas causa danos f\u00edsicos, mas tamb\u00e9m gera efeitos emocionais e psicol\u00f3gicos duradouros. Para muitos, a experi\u00eancia de ser atacado pode intensificar a sensa\u00e7\u00e3o de vulnerabilidade e abandono social.<\/p>\n<p>Al\u00e9m disso, o estigma associado \u00e0 situa\u00e7\u00e3o de rua pode dificultar a reintegra\u00e7\u00e3o dessas pessoas \u00e0 sociedade. Muitas vezes, elas enfrentam discrimina\u00e7\u00e3o e exclus\u00e3o, o que agrava sua fragilidade e aumenta o risco de novos epis\u00f3dios de viol\u00eancia.<\/p>\n<p>O impacto da viol\u00eancia em pessoas em situa\u00e7\u00e3o de rua n\u00e3o deve ser subestimado, pois \u00e9 uma quest\u00e3o que envolve direitos humanos fundamentais, necess\u00e1rios para a dignidade e seguran\u00e7a de todos os cidad\u00e3os.<\/p>\n<h2>Medidas de Preven\u00e7\u00e3o Contra Agress\u00f5es<\/h2>\n<p>Combatendo a viol\u00eancia contra popula\u00e7\u00f5es vulner\u00e1veis, \u00e9 fundamental implementar medidas de preven\u00e7\u00e3o. Algumas dessas medidas incluem:<\/p>\n<ul>\n<li><strong>Educa\u00e7\u00e3o e Conscientiza\u00e7\u00e3o:<\/strong> Promover campanhas que eduquem a popula\u00e7\u00e3o sobre o respeito e a empatia em rela\u00e7\u00e3o \u00e0s pessoas em situa\u00e7\u00e3o de rua.<\/li>\n<li><strong>Programas de Inclus\u00e3o Social:<\/strong> Criar projetos que incentivem a inclus\u00e3o social e a integra\u00e7\u00e3o das pessoas em situa\u00e7\u00e3o de vulnerabilidade.<\/li>\n<li><strong>Patrulhas de Seguran\u00e7a:<\/strong> Aumentar a presen\u00e7a de patrulhas naquelas \u00e1reas que frequentemente apresentam conflitos.<\/li>\n<li><strong>Treinamento de Agentes P\u00fablicos:<\/strong> Capacitar policiais e agentes de seguran\u00e7a para lidar com quest\u00f5es sens\u00edveis envolvendo pessoas em situa\u00e7\u00e3o de rua.<\/li>\n<\/ul>\n<h2>A Necessidade de Estrat\u00e9gias para Apoio Social<\/h2>\n<p>\u00c9 crucial desenvolver estrat\u00e9gias eficazes para apoiar a popula\u00e7\u00e3o em situa\u00e7\u00e3o de rua. Isso inclui:<\/p>\n<ul>\n<li><strong>Acesso a Servi\u00e7os de Sa\u00fade:<\/strong> Garantir que as pessoas em situa\u00e7\u00e3o de rua tenham acesso a servi\u00e7os m\u00e9dicos e psicol\u00f3gicos adequados.<\/li>\n<li><strong>Programas de Reabilita\u00e7\u00e3o:<\/strong> Oferecer programas de reabilita\u00e7\u00e3o que ajudem essas pessoas a superarem depend\u00eancias qu\u00edmicas e traumas.<\/li>\n<li><strong>Cria\u00e7\u00e3o de Abrigos:<\/strong> Estabelecer abrigos seguros onde as pessoas em situa\u00e7\u00e3o de rua possam se abrigar e receber suporte.<\/li>\n<li><strong>Parcerias com Organiza\u00e7\u00f5es N\u00e3o Governamentais:<\/strong> Colaborar com ONGs que trabalham na \u00e1rea para potencializar os esfor\u00e7os de assist\u00eancia e inclus\u00e3o social.<\/li>\n<\/ul>\n\n<div style=\"font-size: 0px; height: 0px; line-height: 0px; margin: 0; padding: 0; clear: both;\"><\/div>","protected":false},"excerpt":{"rendered":"<p>Homem em situa\u00e7\u00e3o de rua \u00e9 agredido brutalmente enquanto dormia em Bauru.<\/p>\n","protected":false},"author":1,"featured_media":422,"comment_status":"open","ping_status":"closed","sticky":false,"template":"","format":"standard","meta":{"footnotes":""},"categories":[21],"tags":[],"class_list":["post-423","post","type-post","status-publish","format-standard","has-post-thumbnail","hentry","category-noticias-bauru","has_thumb"],"aioseo_notices":[],"_links":{"self":[{"href":"https:\/\/www.encontrabauru.com.br\/sobre\/wp-json\/wp\/v2\/posts\/423","targetHints":{"allow":["GET"]}}],"collection":[{"href":"https:\/\/www.encontrabauru.com.br\/sobre\/wp-json\/wp\/v2\/posts"}],"about":[{"href":"https:\/\/www.encontrabauru.com.br\/sobre\/wp-json\/wp\/v2\/types\/post"}],"author":[{"embeddable":true,"href":"https:\/\/www.encontrabauru.com.br\/sobre\/wp-json\/wp\/v2\/users\/1"}],"replies":[{"embeddable":true,"href":"https:\/\/www.encontrabauru.com.br\/sobre\/wp-json\/wp\/v2\/comments?post=423"}],"version-history":[{"count":0,"href":"https:\/\/www.encontrabauru.com.br\/sobre\/wp-json\/wp\/v2\/posts\/423\/revisions"}],"wp:featuredmedia":[{"embeddable":true,"href":"https:\/\/www.encontrabauru.com.br\/sobre\/wp-json\/wp\/v2\/media\/422"}],"wp:attachment":[{"href":"https:\/\/www.encontrabauru.com.br\/sobre\/wp-json\/wp\/v2\/media?parent=423"}],"wp:term":[{"taxonomy":"category","embeddable":true,"href":"https:\/\/www.encontrabauru.com.br\/sobre\/wp-json\/wp\/v2\/categories?post=423"},{"taxonomy":"post_tag","embeddable":true,"href":"https:\/\/www.encontrabauru.com.br\/sobre\/wp-json\/wp\/v2\/tags?post=423"}],"curies":[{"name":"wp","href":"https:\/\/api.w.org\/{rel}","templated":true}]}}