{"id":410,"date":"2025-11-08T11:33:00","date_gmt":"2025-11-08T14:33:00","guid":{"rendered":"https:\/\/www.encontrabauru.com.br\/sobre\/grupo-de-trabalho-da-comissao-de-ciencia-e-tecnologia-se-reune-para-tratar-acoes-ate-o-final-do-ano-e-pauta-de-trabalho-para-2026\/"},"modified":"2025-11-08T11:33:00","modified_gmt":"2025-11-08T14:33:00","slug":"grupo-de-trabalho-da-comissao-de-ciencia-e-tecnologia-se-reune-para-tratar-acoes-ate-o-final-do-ano-e-pauta-de-trabalho-para-2026","status":"publish","type":"post","link":"https:\/\/www.encontrabauru.com.br\/sobre\/grupo-de-trabalho-da-comissao-de-ciencia-e-tecnologia-se-reune-para-tratar-acoes-ate-o-final-do-ano-e-pauta-de-trabalho-para-2026\/","title":{"rendered":"Grupo de Trabalho da Comiss\u00e3o de Ci\u00eancia e Tecnologia se re\u00fane para tratar a\u00e7\u00f5es at\u00e9 o final do ano e pauta de trabalho para 2026"},"content":{"rendered":"<div class=\"afac9f3eb9e49d7fc4d46fa627f8b2d3\" data-index=\"1\" style=\"float: none; margin:0px;\">\n<!-- Anuncio display - global -->\r\n<ins class=\"adsbygoogle\"\r\n     style=\"display:block\"\r\n     data-ad-client=\"ca-pub-8585364105181520\"\r\n     data-ad-slot=\"8789329856\"\r\n     data-ad-format=\"auto\"\r\n     data-full-width-responsive=\"true\"><\/ins>\r\n<script>\r\n     (adsbygoogle = window.adsbygoogle || []).push({});\r\n<\/script>\n<\/div>\n<h2>Reuni\u00e3o Itinerante da Comiss\u00e3o<\/h2>\n<p>A <strong>Comiss\u00e3o de Ci\u00eancia e Tecnologia<\/strong> organiza reuni\u00f5es itinerantes com o objetivo de engajar a comunidade em discuss\u00f5es sobre avan\u00e7os tecnol\u00f3gicos e desafios contempor\u00e2neos. Essas reuni\u00f5es acontecem em diversas localidades e s\u00e3o uma oportunidade para cidad\u00e3os e especialistas se reunirem.<\/p>\n<p>Nas \u00faltimas reuni\u00f5es itinerantes, foram abordados temas como inova\u00e7\u00e3o tecnol\u00f3gica, ci\u00eancia do clima e o papel da tecnologia na sociedade moderna. Estas reuni\u00f5es permitem que as vozes da comunidade sejam ouvidas e que sugest\u00f5es sejam apresentadas diretamente aos respons\u00e1veis pelas pol\u00edticas p\u00fablicas.<\/p>\n<h2>Objetivos do Grupo de Trabalho<\/h2>\n<p>O <strong>Grupo de Trabalho da Comiss\u00e3o de Ci\u00eancia e Tecnologia<\/strong> tem como principais objetivos:<\/p>\n<ul>\n<li><strong>Identifica\u00e7\u00e3o de Necessidades:<\/strong> Levantar e compreender as reais necessidades da popula\u00e7\u00e3o em rela\u00e7\u00e3o \u00e0 tecnologia e ci\u00eancia.<\/li>\n<li><strong>Fomento \u00e0 Inova\u00e7\u00e3o:<\/strong> Estimular o desenvolvimento de novas ideias e solu\u00e7\u00f5es tecnol\u00f3gicas.<\/li>\n<li><strong>Colabora\u00e7\u00e3o entre Setores:<\/strong> Unir diferentes \u00e1reas, como educa\u00e7\u00e3o, sa\u00fade e ind\u00fastria, para promover um crescimento sustent\u00e1vel atrav\u00e9s da tecnologia.<\/li>\n<\/ul>\n<h2>A 22\u00aa Semana Nacional de Ci\u00eancia e Tecnologia<\/h2>\n<p>A <strong>22\u00aa Semana Nacional de Ci\u00eancia e Tecnologia<\/strong> foi uma grande celebra\u00e7\u00e3o do conhecimento e da inova\u00e7\u00e3o. Organizada anualmente, este evento promove a dissemina\u00e7\u00e3o de informa\u00e7\u00f5es cient\u00edficas e tecnol\u00f3gicas.<\/p>\n<p>Este ano, o tema central foi \u201cCiencia e Tecnologia para o Desenvolvimento Social\u201d, e diversas atividades foram realizadas, como palestras, exposi\u00e7\u00f5es e oficinas pr\u00e1ticas. Esses eventos ajudam a conectar jovens estudantes com cientistas e profissionais do setor, promovendo uma maior conscientiza\u00e7\u00e3o sobre a import\u00e2ncia da ci\u00eancia no dia a dia.<\/p>\n<h2>Propostas Inovadoras para Bauru<\/h2>\n<p>Durante as reuni\u00f5es do grupo de trabalho, v\u00e1rias propostas inovadoras foram apresentadas para melhorar a cidade de Bauru, incluindo:<\/p>\n<ul>\n<li><strong>Laborat\u00f3rio de Inova\u00e7\u00e3o:<\/strong> Criar um espa\u00e7o onde estudantes e profissionais possam trabalhar em projetos inovadores usando tecnologia.<\/li>\n<li><strong>Cursos de Tecnologia:<\/strong> Oferecer cursos gratuitos em \u00e1reas como programa\u00e7\u00e3o, rob\u00f3tica e design digital para jovens.<\/li>\n<li><strong>Parcerias com Universidades:<\/strong> Estabelecer coopera\u00e7\u00e3o com institui\u00e7\u00f5es locais para promover pesquisas e desenvolvimento tecnol\u00f3gico.<\/li>\n<\/ul>\n<h2>Pr\u00f3xima Reuni\u00e3o do Grupo<\/h2>\n<p>A pr\u00f3xima reuni\u00e3o do <strong>Grupo de Trabalho da Comiss\u00e3o de Ci\u00eancia e Tecnologia<\/strong> est\u00e1 marcada para o m\u00eas que vem. Esta reuni\u00e3o ser\u00e1 realizada em um formato h\u00edbrido, permitindo a participa\u00e7\u00e3o presencial e online de interessados. O tema central ser\u00e1 \u201cO futuro da educa\u00e7\u00e3o com tecnologia\u201d.<\/p>\n<p>Os participantes poder\u00e3o discutir tend\u00eancias e compartilhar experi\u00eancias sobre a integra\u00e7\u00e3o da tecnologia na educa\u00e7\u00e3o, al\u00e9m de propor novas ideias para a implementa\u00e7\u00e3o de ferramentas tecnol\u00f3gicas nas escolas e universidades.<\/p>\n<h2>Import\u00e2ncia da Tecnologia na Educa\u00e7\u00e3o<\/h2>\n<p>A <strong>tecnologia na educa\u00e7\u00e3o<\/strong> \u00e9 uma das \u00e1reas que mais cresce e tem mostrado resultados positivos. Entre os benef\u00edcios de sua integra\u00e7\u00e3o, podemos destacar:<\/p>\n<ul>\n<li><strong>Aprendizagem Personalizada:<\/strong> Alunos podem aprender no seu pr\u00f3prio ritmo, acessando materiais variados que atendem suas necessidades espec\u00edficas.<\/li>\n<li><strong>Acesso a Recursos:<\/strong> A tecnologia permite que estudantes de diferentes localidades tenham acesso a materiais educativos de qualidade.<\/li>\n<li><strong>Colabora\u00e7\u00e3o entre Estudantes:<\/strong> Ferramentas digitais facilitam o trabalho em grupo e o compartilhamento de conhecimento.<\/li>\n<\/ul>\n<h2>Rob\u00f3tica no Instituto Federal<\/h2>\n<p>O uso de <strong>rob\u00f3tica<\/strong> nas institui\u00e7\u00f5es de ensino, como os Institutos Federais, tem crescido significativamente. Os cursos de rob\u00f3tica t\u00eam atra\u00eddo muitos alunos, que se interessam em aprender sobre programa\u00e7\u00e3o e constru\u00e7\u00e3o de rob\u00f4s.<\/p>\n<p>Esses cursos abordam tanto a teoria quanto a pr\u00e1tica, oferecendo uma forma\u00e7\u00e3o completa. Os estudantes t\u00eam a oportunidade de participar de competi\u00e7\u00f5es e feiras de tecnologia, o que os motiva a desenvolver solu\u00e7\u00f5es criativas e inovadoras.<\/p>\n<h2>Desenvolvimento Econ\u00f4mico e Tecnologia<\/h2>\n<p>O <strong>desenvolvimento econ\u00f4mico<\/strong> est\u00e1 intimamente ligado \u00e0 inova\u00e7\u00e3o tecnol\u00f3gica. As novas tecnologias podem impulsionar a economia local de v\u00e1rias maneiras:<\/p>\n<ul>\n<li><strong>Cria\u00e7\u00e3o de Empregos:<\/strong> As empresas que investem em tecnologia tendem a gerar mais empregos qualificados.<\/li>\n<li><strong>Atra\u00e7\u00e3o de Investimentos:<\/strong> Regi\u00f5es que se destacam em tecnologia atraem investimentos de grandes empresas e startups.<\/li>\n<li><strong>Aumento da Competitividade:<\/strong> A tecnologia proporciona que empresas se tornem mais eficientes, aumentando sua competitividade no mercado.<\/li>\n<\/ul>\n<h2>Colabora\u00e7\u00e3o entre Secretarias<\/h2>\n<p>A colabora\u00e7\u00e3o entre as secretarias municipais \u00e9 fundamental para maximizar o impacto das iniciativas em ci\u00eancia e tecnologia. O <strong>Grupo de Trabalho<\/strong> tem promovido reuni\u00f5es entre diferentes setores, como sa\u00fade, educa\u00e7\u00e3o e desenvolvimento econ\u00f4mico, para discutir solu\u00e7\u00f5es integradas.<\/p>\n<p>Essa intera\u00e7\u00e3o permite que cada secretaria compartilhe suas experi\u00eancias e desafios, levando a um entendimento mais profundo e \u00e0 cria\u00e7\u00e3o de estrat\u00e9gias que abrangem v\u00e1rios aspectos da vida p\u00fablica.<\/p>\n<h2>Impacto das Reuni\u00f5es Tem\u00e1ticas na Comunidade<\/h2>\n<p>As reuni\u00f5es tem\u00e1ticas t\u00eam gerado um impacto positivo na comunidade, oferecendo um espa\u00e7o para discuss\u00e3o e troca de ideias. Entre os principais efeitos, podemos citar:<\/p>\n<ul>\n<li><strong>Aumento da Conscientiza\u00e7\u00e3o:<\/strong> Os cidad\u00e3os ficam mais informados sobre quest\u00f5es tecnol\u00f3gicas e cient\u00edficas que afetam seu dia a dia.<\/li>\n<li><strong>Promo\u00e7\u00e3o da Cidadania Ativa:<\/strong> A participa\u00e7\u00e3o ativa nas reuni\u00f5es incentiva o envolvimento da popula\u00e7\u00e3o nas decis\u00f5es que impactam sua vida.<\/li>\n<li><strong>Fortalecimento da Comunidade:<\/strong> Ao se unirem em prol de um objetivo comum, os cidad\u00e3os fortalecem os la\u00e7os comunit\u00e1rios e promovem uma cultura de colabora\u00e7\u00e3o.<\/li>\n<\/ul>\n\n<div style=\"font-size: 0px; height: 0px; line-height: 0px; margin: 0; padding: 0; clear: both;\"><\/div>","protected":false},"excerpt":{"rendered":"<p>Grupo de Trabalho da Comiss\u00e3o de Ci\u00eancia e Tecnologia traz novidades e avan\u00e7os importantes.<\/p>\n","protected":false},"author":1,"featured_media":409,"comment_status":"open","ping_status":"closed","sticky":false,"template":"","format":"standard","meta":{"footnotes":""},"categories":[21],"tags":[],"class_list":["post-410","post","type-post","status-publish","format-standard","has-post-thumbnail","hentry","category-noticias-bauru","has_thumb"],"aioseo_notices":[],"_links":{"self":[{"href":"https:\/\/www.encontrabauru.com.br\/sobre\/wp-json\/wp\/v2\/posts\/410","targetHints":{"allow":["GET"]}}],"collection":[{"href":"https:\/\/www.encontrabauru.com.br\/sobre\/wp-json\/wp\/v2\/posts"}],"about":[{"href":"https:\/\/www.encontrabauru.com.br\/sobre\/wp-json\/wp\/v2\/types\/post"}],"author":[{"embeddable":true,"href":"https:\/\/www.encontrabauru.com.br\/sobre\/wp-json\/wp\/v2\/users\/1"}],"replies":[{"embeddable":true,"href":"https:\/\/www.encontrabauru.com.br\/sobre\/wp-json\/wp\/v2\/comments?post=410"}],"version-history":[{"count":0,"href":"https:\/\/www.encontrabauru.com.br\/sobre\/wp-json\/wp\/v2\/posts\/410\/revisions"}],"wp:featuredmedia":[{"embeddable":true,"href":"https:\/\/www.encontrabauru.com.br\/sobre\/wp-json\/wp\/v2\/media\/409"}],"wp:attachment":[{"href":"https:\/\/www.encontrabauru.com.br\/sobre\/wp-json\/wp\/v2\/media?parent=410"}],"wp:term":[{"taxonomy":"category","embeddable":true,"href":"https:\/\/www.encontrabauru.com.br\/sobre\/wp-json\/wp\/v2\/categories?post=410"},{"taxonomy":"post_tag","embeddable":true,"href":"https:\/\/www.encontrabauru.com.br\/sobre\/wp-json\/wp\/v2\/tags?post=410"}],"curies":[{"name":"wp","href":"https:\/\/api.w.org\/{rel}","templated":true}]}}