{"id":398,"date":"2025-11-06T06:48:00","date_gmt":"2025-11-06T09:48:00","guid":{"rendered":"https:\/\/www.encontrabauru.com.br\/sobre\/semana-do-servidor-de-bauru-comeca-nesta-terca\/"},"modified":"2025-11-06T06:48:00","modified_gmt":"2025-11-06T09:48:00","slug":"semana-do-servidor-de-bauru-comeca-nesta-terca","status":"publish","type":"post","link":"https:\/\/www.encontrabauru.com.br\/sobre\/semana-do-servidor-de-bauru-comeca-nesta-terca\/","title":{"rendered":"Semana do Servidor de Bauru come\u00e7a nesta ter\u00e7a"},"content":{"rendered":"<div class=\"afac9f3eb9e49d7fc4d46fa627f8b2d3\" data-index=\"1\" style=\"float: none; margin:0px;\">\n<!-- Anuncio display - global -->\r\n<ins class=\"adsbygoogle\"\r\n     style=\"display:block\"\r\n     data-ad-client=\"ca-pub-8585364105181520\"\r\n     data-ad-slot=\"8789329856\"\r\n     data-ad-format=\"auto\"\r\n     data-full-width-responsive=\"true\"><\/ins>\r\n<script>\r\n     (adsbygoogle = window.adsbygoogle || []).push({});\r\n<\/script>\n<\/div>\n<h2>O que \u00e9 a Semana do Servidor de Bauru?<\/h2>\n<p>A <strong>Semana do Servidor de Bauru<\/strong> \u00e9 um evento anual dedicado a celebrar e valorizar os profissionais que atuam no servi\u00e7o p\u00fablico. Este evento tem como objetivo promover o reconhecimento dos servidores municipais pelo seu trabalho e dedica\u00e7\u00e3o \u00e0 comunidade. Durante a semana, diversas atividades, incluindo palestras, oficinas e semin\u00e1rios, s\u00e3o oferecidas para proporcionar conhecimento e forma\u00e7\u00e3o cont\u00ednua aos servidores.<\/p>\n<h2>Import\u00e2ncia das Palestras para Servidores P\u00fablicos<\/h2>\n<p>As palestras s\u00e3o uma parte essencial da <strong>Semana do Servidor de Bauru<\/strong>. Elas oferecem aos participantes a oportunidade de aprender com especialistas em suas \u00e1reas, discutir sobre temas relevantes e se atualizar acerca das melhores pr\u00e1ticas e inova\u00e7\u00f5es. Al\u00e9m disso, as palestras ajudam a:<\/p>\n<ul>\n<li><strong>Aprimorar habilidades:<\/strong> Conhecimentos adquiridos podem ser aplicados diretamente no dia a dia do trabalho dos servidores.<\/li>\n<li><strong>Desenvolver networking:<\/strong> O evento possibilita a intera\u00e7\u00e3o entre servidores de diferentes \u00e1reas, fortalecendo la\u00e7os e trocas de experi\u00eancias.<\/li>\n<li><strong>Refletir sobre a carreira:<\/strong> Momentos de aprendizagem e reflex\u00e3o s\u00e3o fundamentais para o crescimento profissional.<\/li>\n<\/ul>\n<h2>Como se Inscrever nas Atividades<\/h2>\n<p>As inscri\u00e7\u00f5es para as atividades da <strong>Semana do Servidor de Bauru<\/strong> s\u00e3o simples e acess\u00edveis. Para se inscrever, siga estes passos:<\/p>\n<ol>\n<li>Acesse o site oficial da Prefeitura de Bauru.<\/li>\n<li>Navegue at\u00e9 a se\u00e7\u00e3o da <strong>Semana do Servidor<\/strong>.<\/li>\n<li>Escolha as palestras e oficinas que voc\u00ea deseja participar.<\/li>\n<li>Preencha o formul\u00e1rio de inscri\u00e7\u00e3o com os dados solicitados.<\/li>\n<li>Confirme sua inscri\u00e7\u00e3o e aguarde o e-mail de confirma\u00e7\u00e3o.<\/li>\n<\/ol>\n<p>Lembre-se de que as vagas s\u00e3o limitadas, ent\u00e3o, \u00e9 importante se inscrever o quanto antes para garantir sua participa\u00e7\u00e3o.<\/p>\n<h2>Programa\u00e7\u00e3o do Evento<\/h2>\n<p>A programa\u00e7\u00e3o da <strong>Semana do Servidor de Bauru<\/strong> \u00e9 diversificada e contempla v\u00e1rios temas. A seguir, est\u00e3o alguns dos principais itens da programa\u00e7\u00e3o:<\/p>\n<ul>\n<li><strong>Dia 1:<\/strong> Abertura do evento e palestra sobre &#8220;Inova\u00e7\u00e3o no Setor P\u00fablico&#8221;.<\/li>\n<li><strong>Dia 2:<\/strong> Oficina de gest\u00e3o de tempo e produtividade para servidores.<\/li>\n<li><strong>Dia 3:<\/strong> Palestra sobre a import\u00e2ncia do servi\u00e7o p\u00fablico e \u00e9tica.<\/li>\n<li><strong>Dia 4:<\/strong> Sem\u00e1foro de sa\u00fade mental no trabalho: como cuidar do bem-estar.<\/li>\n<li><strong>Dia 5:<\/strong> Encerramento com uma mesa-redonda sobre desafios e oportunidades no servi\u00e7o p\u00fablico.<\/li>\n<\/ul>\n<p>\u00c9 uma programa\u00e7\u00e3o intensa que certamente trar\u00e1 muitos aprendizados e reflex\u00f5es aos participantes!<\/p>\n<h2>Palestras em Destaque<\/h2>\n<p>As palestras em destaque prometem atrair grande p\u00fablico, com temas que v\u00e3o da inova\u00e7\u00e3o \u00e0 sa\u00fade mental. Algumas das palestras mais esperadas incluem:<\/p>\n<ul>\n<li><strong>&#8220;Transformando o Setor P\u00fablico com Tecnologia&#8221;<\/strong>: Uma discuss\u00e3o sobre como a tecnologia pode melhorar os servi\u00e7os oferecidos \u00e0 popula\u00e7\u00e3o.<\/li>\n<li><strong>&#8220;\u00c9tica no Servi\u00e7o P\u00fablico&#8221;<\/strong>: Palestrante renomado abordando a import\u00e2ncia da \u00e9tica no dia a dia do servidor.<\/li>\n<li><strong>&#8220;Sa\u00fade Mental: Cuidando de Quem Cuida&#8221;<\/strong>: Uma reflex\u00e3o sobre o estresse e a press\u00e3o enfrentada pelos servidores e formas de manejar isso.<\/li>\n<\/ul>\n<h2>Apresenta\u00e7\u00f5es Culturais: Um Atraente Diferencial<\/h2>\n<p>Al\u00e9m das palestras, a <strong>Semana do Servidor de Bauru<\/strong> conta com apresenta\u00e7\u00f5es culturais que enriquecem a experi\u00eancia dos participantes. Teremos:<\/p>\n<ul>\n<li><strong>Grupos de dan\u00e7a:<\/strong> Apresenta\u00e7\u00f5es que valorizam a cultura local e promovem a integra\u00e7\u00e3o.<\/li>\n<li><strong>Teatro:<\/strong> Pe\u00e7as abordando a tem\u00e1tica do servi\u00e7o p\u00fablico, trazendo reflex\u00e3o e entretenimento.<\/li>\n<li><strong>Musicaliza\u00e7\u00e3o:<\/strong> Momentos musicais com artistas locais, promovendo um clima de celebra\u00e7\u00e3o.<\/li>\n<\/ul>\n<p>Essas atividades culturais s\u00e3o um diferencial que tornam o evento ainda mais especial e envolvente.<\/p>\n<h2>O Valor da Forma\u00e7\u00e3o Cont\u00ednua<\/h2>\n<p>A <strong>Semana do Servidor de Bauru<\/strong> refor\u00e7a a import\u00e2ncia da <strong>forma\u00e7\u00e3o cont\u00ednua<\/strong> para os servidores. O aprendizado constante tem um papel crucial na carreira de cada profissional, pois:<\/p>\n<ul>\n<li><strong>Atualiza\u00e7\u00e3o:<\/strong> Ajuda a manter os servidores informados sobre mudan\u00e7as e inova\u00e7\u00f5es no servi\u00e7o p\u00fablico.<\/li>\n<li><strong>Desenvolvimento de compet\u00eancias:<\/strong> Ofertas de palestras e oficinas treinam habilidades que contribuem para um melhor desempenho no trabalho.<\/li>\n<li><strong>Inspira\u00e7\u00e3o:<\/strong> O contato com especialistas e casos de sucesso pode inspirar mudan\u00e7as positivas nas pr\u00e1ticas do dia a dia.<\/li>\n<\/ul>\n<h2>Celebra\u00e7\u00e3o do Dia do Servidor P\u00fablico<\/h2>\n<p>A <strong>Semana do Servidor de Bauru<\/strong> coincide com a celebra\u00e7\u00e3o do <strong>Dia do Servidor P\u00fablico<\/strong>, que \u00e9 comemorado no dia 28 de outubro. Durante este dia, diversas homenagens s\u00e3o feitas a todos que atuam no servi\u00e7o p\u00fablico, reconhecendo a import\u00e2ncia dessa atua\u00e7\u00e3o. Haver\u00e1 eventos especiais, como:<\/p>\n<ul>\n<li>Distribui\u00e7\u00e3o de brindes.<\/li>\n<li>Cerim\u00f4nias de agradecimento.<\/li>\n<li>Participa\u00e7\u00e3o de grupos art\u00edsticos locais.<\/li>\n<\/ul>\n<h2>Local e Hor\u00e1rio da Abertura<\/h2>\n<p>A abertura da <strong>Semana do Servidor de Bauru<\/strong> acontecer\u00e1 no dia 23 de outubro, \u00e0s 9h, no <strong>Centro Cultural de Bauru<\/strong>. Este espa\u00e7o foi escolhido por sua localiza\u00e7\u00e3o e infraestrutura, que permite acomodar um grande n\u00famero de participantes. \u00c9 importante chegar cedo para garantir um bom lugar e aproveitar a programa\u00e7\u00e3o inicial.<\/p>\n<h2>Compromisso da Prefeitura com os Servidores<\/h2>\n<p>A <strong>Prefeitura de Bauru<\/strong> demonstra seu compromisso com os servidores por meio de eventos como a <strong>Semana do Servidor<\/strong>. Ao promover a\u00e7\u00f5es voltadas para o aperfei\u00e7oamento profissional e reconhecimento, a administra\u00e7\u00e3o municipal refor\u00e7a sua valoriza\u00e7\u00e3o dos trabalhadores p\u00fablicos. Al\u00e9m disso, a Prefeitura busca sempre ouvir as demandas e sugest\u00f5es dos servidores, promovendo um ambiente de trabalho saud\u00e1vel e motivador.<\/p>\n<p>Este compromisso \u00e9 um convite \u00e0 participa\u00e7\u00e3o ativa dos servidores na constru\u00e7\u00e3o de um servi\u00e7o p\u00fablico cada vez melhor para a popula\u00e7\u00e3o de Bauru.<\/p>\n\n<div style=\"font-size: 0px; height: 0px; line-height: 0px; margin: 0; padding: 0; clear: both;\"><\/div>","protected":false},"excerpt":{"rendered":"<p>Semana do Servidor de Bauru inicia com inscri\u00e7\u00f5es abertas para palestras informativas.<\/p>\n","protected":false},"author":1,"featured_media":397,"comment_status":"open","ping_status":"closed","sticky":false,"template":"","format":"standard","meta":{"footnotes":""},"categories":[21],"tags":[],"class_list":["post-398","post","type-post","status-publish","format-standard","has-post-thumbnail","hentry","category-noticias-bauru","has_thumb"],"aioseo_notices":[],"_links":{"self":[{"href":"https:\/\/www.encontrabauru.com.br\/sobre\/wp-json\/wp\/v2\/posts\/398","targetHints":{"allow":["GET"]}}],"collection":[{"href":"https:\/\/www.encontrabauru.com.br\/sobre\/wp-json\/wp\/v2\/posts"}],"about":[{"href":"https:\/\/www.encontrabauru.com.br\/sobre\/wp-json\/wp\/v2\/types\/post"}],"author":[{"embeddable":true,"href":"https:\/\/www.encontrabauru.com.br\/sobre\/wp-json\/wp\/v2\/users\/1"}],"replies":[{"embeddable":true,"href":"https:\/\/www.encontrabauru.com.br\/sobre\/wp-json\/wp\/v2\/comments?post=398"}],"version-history":[{"count":0,"href":"https:\/\/www.encontrabauru.com.br\/sobre\/wp-json\/wp\/v2\/posts\/398\/revisions"}],"wp:featuredmedia":[{"embeddable":true,"href":"https:\/\/www.encontrabauru.com.br\/sobre\/wp-json\/wp\/v2\/media\/397"}],"wp:attachment":[{"href":"https:\/\/www.encontrabauru.com.br\/sobre\/wp-json\/wp\/v2\/media?parent=398"}],"wp:term":[{"taxonomy":"category","embeddable":true,"href":"https:\/\/www.encontrabauru.com.br\/sobre\/wp-json\/wp\/v2\/categories?post=398"},{"taxonomy":"post_tag","embeddable":true,"href":"https:\/\/www.encontrabauru.com.br\/sobre\/wp-json\/wp\/v2\/tags?post=398"}],"curies":[{"name":"wp","href":"https:\/\/api.w.org\/{rel}","templated":true}]}}