{"id":175,"date":"2021-05-18T03:46:19","date_gmt":"2021-05-18T06:46:19","guid":{"rendered":"https:\/\/www.encontrabauru.com.br\/sobre\/?p=175"},"modified":"2021-05-18T03:46:19","modified_gmt":"2021-05-18T06:46:19","slug":"espaco-cultural-leonidas-simonetti-bauru","status":"publish","type":"post","link":"https:\/\/www.encontrabauru.com.br\/sobre\/espaco-cultural-leonidas-simonetti-bauru\/","title":{"rendered":"Espa\u00e7o Cultural Le\u00f4nidas Simonetti Bauru"},"content":{"rendered":"<div class=\"afac9f3eb9e49d7fc4d46fa627f8b2d3\" data-index=\"1\" style=\"float: none; margin:0px;\">\n<!-- Anuncio display - global -->\r\n<ins class=\"adsbygoogle\"\r\n     style=\"display:block\"\r\n     data-ad-client=\"ca-pub-8585364105181520\"\r\n     data-ad-slot=\"8789329856\"\r\n     data-ad-format=\"auto\"\r\n     data-full-width-responsive=\"true\"><\/ins>\r\n<script>\r\n     (adsbygoogle = window.adsbygoogle || []).push({});\r\n<\/script>\n<\/div>\n<p>O <strong>Espa\u00e7o Cultural Le\u00f4nidas Simonetti Bauru<\/strong> est\u00e1 instalado no pr\u00e9dio da 94 FM de Bauru e desde 2005 realiza exposi\u00e7\u00f5es de arte abertas ao p\u00fablico gratuitamente.<\/p>\n<p>O espa\u00e7o recebeu o nome em homenagem a Le\u00f4nidas Simonetti, pioneiro do r\u00e1dio no interior do pa\u00eds.\u00a0O objetivo do Espa\u00e7o Cultural \u00e9, especialmente, abrir espa\u00e7o para a cultura e para as artes no munic\u00edpio.<\/p>\n<p><img loading=\"lazy\" decoding=\"async\" class=\"alignnone wp-image-176 size-full\" title=\"Espa\u00e7o Cultural Le\u00f4nidas Simonetti Bauru\" src=\"https:\/\/www.encontrabauru.com.br\/sobre\/wp-content\/uploads\/2021\/05\/espa\u00e7o-cultural.gif\" alt=\"Espa\u00e7o Cultural Le\u00f4nidas Simonetti Bauru\" width=\"680\" height=\"189\" \/><\/p>\n<h2>Espa\u00e7o Cultural Le\u00f4nidas Simonetti Bauru Hist\u00f3ria<\/h2>\n<p>Le\u00f4nidas Simonetti que deu nome ao Centro Cultural Le\u00f4nidas Simonetti nasceu em 8 de mar\u00e7o de 1912, em Dois C\u00f3rregos, mas ainda garoto veio para Bauru com sua fam\u00edlia. Apaixonado pela m\u00fasica, ele tocava bateria desde jovem, e, mais tarde, estudou piano por 12 anos.<\/p>\n<p>Le\u00f4nidas participou de todos os passos do seu pai, Jo\u00e3o Simonetti, nas instala\u00e7\u00f5es pioneiras do sistema de propaganda com proje\u00e7\u00e3o de slides, cinema falado, r\u00e1dio e televis\u00e3o. Foi o primeiro locutor de Bauru e apresentou dezenas de programas de sucesso. Um deles durou at\u00e9 a d\u00e9cada de 60, o &#8220;Momento da Ave Maria&#8221;, \u00e0s 18 horas na PRG-8 Bauru R\u00e1dio Clube. Era conhecido como &#8220;Voz de Veludo&#8221;.<\/p>\n<p>Le\u00f4nidas casou-se em 1938 com Maria Od\u00edlia Carvalho Simonetti e teve tr\u00eas filhos: Sylvio Carlos (Syca), Paulo S\u00e9rgio e Jo\u00e3o (Net\u00e3o), todos eles em atividades no r\u00e1dio, atualmente na 94 FM.\u00a0Em 1994 foi homenageado pela C\u00e2mara Municipal de Bauru, recebendo o t\u00edtulo de &#8220;Cidad\u00e3o Bauruense&#8221;. Lole, como era conhecido, faleceu em 12 de dezembro de 1998.<\/p>\n<h3>Vagas Espa\u00e7o Cultural Le\u00f4nidas Simonetti Bauru &#8211; Trabalhe Conosco<\/h3>\n<p>O\u00a0Espa\u00e7o Cultural Le\u00f4nidas Simonetti\u00a0Bauru disponibiliza <em>vagas de trabalho<\/em> durante todo ano. Para se informar sobre os processos seletivos e se candidatar as vagas acompanhe o site da empresa, onde \u00e9 poss\u00edvel se informar sobre vagas abertas, sal\u00e1rios e compet\u00eancias necess\u00e1rias para se candidatar ao processo.<\/p>\n<h3>Hor\u00e1rio de Funcionamento Espa\u00e7o Cultural Le\u00f4nidas Simonetti em Bauru<\/h3>\n<ul>\n<li>Segunda a Sexta: das 08h \u00e0s 16h30<\/li>\n<\/ul>\n<h3>Endere\u00e7o e Telefone Espa\u00e7o Cultural Le\u00f4nidas Simonetti em Bauru<\/h3>\n<ul>\n<li>Rua Marcos Augusto Genov\u00eas Serra, 3-35 &#8211; Bauru &#8211; SP<\/li>\n<li>Telefone: (14) 3203-2101<\/li>\n<\/ul>\n<h4>Outras informa\u00e7\u00f5es e site<\/h4>\n<ul>\n<li>Mais informa\u00e7\u00f5es:\u00a0<a href=\"https:\/\/www.facebook.com\/Espa%C3%A7o-Cultural-Le%C3%B4nidas-Simonetti-469440946520942\/?ref=page_internal\" target=\"_blank\" rel=\"noopener noreferrer\">www.facebook.com\/Espaco-Cultural-Leonidas-Simonetti<\/a><\/li>\n<\/ul>\n<h4>Mapa de localiza\u00e7\u00e3o<\/h4>\n<a class=\"wp-colorbox-iframe\" href=\"https:\/\/www.google.com\/maps\/embed?pb=!1m18!1m12!1m3!1d3690.2719269117188!2d-49.04989438504445!3d-22.343358985301233!2m3!1f0!2f0!3f0!3m2!1i1024!2i768!4f13.1!3m3!1m2!1s0x94bf67676bc00b6f0x5e0ee006cbbf58d2!2sR.MarcosAugustoGenovezSerra3-35-VilaReginaBauru-SP17012-647!5e0!3m2!1spt-BR!2sbr!4v1621320174748!5m2!1spt-BR!2sbr\"><img decoding=\"async\" src=\"http:\/\/www.encontrabauru.com.br\/imgs\/maps-post.png\"><\/a>\n\n<div style=\"font-size: 0px; height: 0px; line-height: 0px; margin: 0; padding: 0; clear: both;\"><\/div>","protected":false},"excerpt":{"rendered":"<p>O Espa\u00e7o Cultural Le\u00f4nidas Simonetti Bauru est\u00e1 instalado no pr\u00e9dio da 94 FM de Bauru e desde 2005 realiza exposi\u00e7\u00f5es de arte abertas ao p\u00fablico gratuitamente. O espa\u00e7o recebeu o nome em homenagem a Le\u00f4nidas Simonetti, pioneiro do r\u00e1dio no interior do pa\u00eds.\u00a0O objetivo do Espa\u00e7o Cultural \u00e9, especialmente, abrir espa\u00e7o para a cultura e para as artes no munic\u00edpio. Espa\u00e7o Cultural Le\u00f4nidas Simonetti Bauru Hist\u00f3ria Le\u00f4nidas Simonetti que deu nome ao Centro Cultural Le\u00f4nidas Simonetti nasceu em 8 de mar\u00e7o de 1912, em Dois C\u00f3rregos, mas ainda garoto veio para Bauru com sua fam\u00edlia. Apaixonado pela m\u00fasica, ele tocava <\/p>\n","protected":false},"author":1,"featured_media":176,"comment_status":"open","ping_status":"closed","sticky":false,"template":"","format":"standard","meta":{"footnotes":""},"categories":[14],"tags":[],"class_list":["post-175","post","type-post","status-publish","format-standard","has-post-thumbnail","hentry","category-cultura-bauru","has_thumb"],"aioseo_notices":[],"_links":{"self":[{"href":"https:\/\/www.encontrabauru.com.br\/sobre\/wp-json\/wp\/v2\/posts\/175","targetHints":{"allow":["GET"]}}],"collection":[{"href":"https:\/\/www.encontrabauru.com.br\/sobre\/wp-json\/wp\/v2\/posts"}],"about":[{"href":"https:\/\/www.encontrabauru.com.br\/sobre\/wp-json\/wp\/v2\/types\/post"}],"author":[{"embeddable":true,"href":"https:\/\/www.encontrabauru.com.br\/sobre\/wp-json\/wp\/v2\/users\/1"}],"replies":[{"embeddable":true,"href":"https:\/\/www.encontrabauru.com.br\/sobre\/wp-json\/wp\/v2\/comments?post=175"}],"version-history":[{"count":0,"href":"https:\/\/www.encontrabauru.com.br\/sobre\/wp-json\/wp\/v2\/posts\/175\/revisions"}],"wp:featuredmedia":[{"embeddable":true,"href":"https:\/\/www.encontrabauru.com.br\/sobre\/wp-json\/wp\/v2\/media\/176"}],"wp:attachment":[{"href":"https:\/\/www.encontrabauru.com.br\/sobre\/wp-json\/wp\/v2\/media?parent=175"}],"wp:term":[{"taxonomy":"category","embeddable":true,"href":"https:\/\/www.encontrabauru.com.br\/sobre\/wp-json\/wp\/v2\/categories?post=175"},{"taxonomy":"post_tag","embeddable":true,"href":"https:\/\/www.encontrabauru.com.br\/sobre\/wp-json\/wp\/v2\/tags?post=175"}],"curies":[{"name":"wp","href":"https:\/\/api.w.org\/{rel}","templated":true}]}}