{"id":1192,"date":"2026-05-01T08:18:55","date_gmt":"2026-05-01T11:18:55","guid":{"rendered":"https:\/\/www.encontrabauru.com.br\/sobre\/prefeitura-de-bauru-sp-formaliza-contrato-de-r-23-milhoes-com-a-infra-s-a-para-estudo-de-viabilidade-de-vlt\/"},"modified":"2026-05-01T08:18:55","modified_gmt":"2026-05-01T11:18:55","slug":"prefeitura-de-bauru-sp-formaliza-contrato-de-r-23-milhoes-com-a-infra-s-a-para-estudo-de-viabilidade-de-vlt","status":"publish","type":"post","link":"https:\/\/www.encontrabauru.com.br\/sobre\/prefeitura-de-bauru-sp-formaliza-contrato-de-r-23-milhoes-com-a-infra-s-a-para-estudo-de-viabilidade-de-vlt\/","title":{"rendered":"Prefeitura de Bauru (SP) formaliza contrato de R$ 2,3 milh\u00f5es com a Infra S.A. para estudo de viabilidade de VLT*"},"content":{"rendered":"<div class=\"afac9f3eb9e49d7fc4d46fa627f8b2d3\" data-index=\"1\" style=\"float: none; margin:0px;\">\n<!-- Anuncio display - global -->\r\n<ins class=\"adsbygoogle\"\r\n     style=\"display:block\"\r\n     data-ad-client=\"ca-pub-8585364105181520\"\r\n     data-ad-slot=\"8789329856\"\r\n     data-ad-format=\"auto\"\r\n     data-full-width-responsive=\"true\"><\/ins>\r\n<script>\r\n     (adsbygoogle = window.adsbygoogle || []).push({});\r\n<\/script>\n<\/div>\n<h2>O que \u00e9 o Estudo de Viabilidade T\u00e9cnica, Econ\u00f4mica e Ambiental?<\/h2>\n<p>O Estudo de Viabilidade T\u00e9cnica, Econ\u00f4mica e Ambiental (EVTEA) \u00e9 uma an\u00e1lise abrangente que visa avaliar a viabilidade de projetos de infraestrutura, no caso espec\u00edfico, a implementa\u00e7\u00e3o de um sistema de Ve\u00edculo Leve sobre Trilhos (VLT) em Bauru (SP). Este estudo considera diversos aspectos, incluindo a viabilidade t\u00e9cnica das opera\u00e7\u00f5es, a an\u00e1lise econ\u00f4mica do custo-benef\u00edcio e os impactos ambientais que o projeto pode ocasionar.<\/p>\n<h2>Detalhes do Contrato com a Infra S.A.<\/h2>\n<p>Recentemente, a Prefeitura de Bauru formalizou um contrato com a Infra S.A., uma estatal federal sucessora da Valec. O contrato, que totaliza R$ 2,3 milh\u00f5es, tem como objetivo a elabora\u00e7\u00e3o do EVTEA e foi registrado no Di\u00e1rio Oficial da Uni\u00e3o. O prazo de execu\u00e7\u00e3o \u00e9 de nove meses e iniciar\u00e1 ap\u00f3s a emiss\u00e3o da ordem de servi\u00e7o. O n\u00famero do contrato \u00e9 14.203\/2026, e foi assinado em 31 de mar\u00e7o de 2026.<\/p>\n<h2>Expectativas para a Rede de VLT em Bauru<\/h2>\n<p>A proposta preliminar do projeto de VLT em Bauru prev\u00ea a constru\u00e7\u00e3o de aproximadamente 28,8 quil\u00f4metros de extens\u00e3o, dividida em tr\u00eas ramais com cerca de 34 esta\u00e7\u00f5es ou pontos de parada. As expectativas incluem n\u00e3o apenas a melhoria do transporte p\u00fablico, mas tamb\u00e9m a redu\u00e7\u00e3o do tr\u00e1fego e a promo\u00e7\u00e3o de um transporte mais sustent\u00e1vel na cidade.<\/p>\n<p><img decoding=\"async\" src=\"https:\/\/www.encontrabauru.com.br\/sobre\/wp-content\/uploads\/2026\/05\/prefeitura-de-bauru-sp-formaliza-contrato-de-r-2-3-milhoes-com-a-infra-s-a-para-estudo-de-viabilidad.webp\" alt=\"Prefeitura de Bauru VLT\" loading=\"lazy\" \/><\/p>\n<h2>Reaproveitamento de Trilhos Existentes<\/h2>\n<p>Uma das caracter\u00edsticas marcantes deste projeto \u00e9 a utiliza\u00e7\u00e3o de trilhos j\u00e1 existentes, que atualmente s\u00e3o utilizados para o transporte de cargas. Essa estrat\u00e9gia de reaproveitamento visa n\u00e3o s\u00f3 reduzir custos, mas tamb\u00e9m minimizar impactos ambientais que seriam gerados pela constru\u00e7\u00e3o de novas linhas, aproveitando a infraestrutura j\u00e1 dispon\u00edvel.<\/p>\n<h2>Desafios na Implementa\u00e7\u00e3o do VLT<\/h2>\n<p>A implementa\u00e7\u00e3o do VLT enfrenta desafios significativos. Devido ao fato de utilizar a malha ferrovi\u00e1ria j\u00e1 existente, ser\u00e3o necess\u00e1rias discuss\u00f5es e alinhamentos com o governo federal, a Ag\u00eancia Nacional de Transportes Terrestres (ANTT) e a concession\u00e1ria Rumo, respons\u00e1vel pela opera\u00e7\u00e3o atual da malha. Al\u00e9m disso, quest\u00f5es regulat\u00f3rias e a necessidade de adaptabilidade \u00e0 legisla\u00e7\u00e3o vigente tamb\u00e9m devem ser consideradas.<\/p>\n<h2>Aspectos Regulat\u00f3rios e Operacionais<\/h2>\n<p>Os aspectos regulat\u00f3rios s\u00e3o cruciais para o avan\u00e7o do projeto VLT em Bauru. A execu\u00e7\u00e3o depender\u00e1 n\u00e3o apenas do EVTEA, mas tamb\u00e9m da valida\u00e7\u00e3o por parte de entidades federais que regulamentam o transporte ferrovi\u00e1rio. Isso inclui a nossa capacidade de adaptar e atender \u00e0s exig\u00eancias legais necess\u00e1rias para a opera\u00e7\u00e3o do VLT.<\/p>\n<h2>Perspectivas Futuras para o Transporte Sobre Trilhos<\/h2>\n<p>O futuro do transporte sobre trilhos em Bauru est\u00e1 nas m\u00e3os da demanda p\u00fablica e nas an\u00e1lises do EVTEA. A popula\u00e7\u00e3o dever\u00e1 ser informada e incentivada a participar do processo, ajudando a moldar um sistema de transporte que seja efetivo e eficiente. As perspectivas s\u00e3o otimistas, mas dependem de um planejamento s\u00f3lido e do comprometimento dos \u00f3rg\u00e3os governamentais.<\/p>\n<h2>Import\u00e2ncia do Transporte P\u00fablico para a Cidade<\/h2>\n<p>O transporte p\u00fablico desempenha um papel fundamental na din\u00e2mica urbana, contribuindo para a redu\u00e7\u00e3o do n\u00famero de ve\u00edculos nas ruas, mitigando a polui\u00e7\u00e3o e melhorando a qualidade de vida dos cidad\u00e3os. Com a proposta do VLT, espera-se que Bauru possa oferecer um sistema de transportes mais integrado e eficiente, possibilitando que mais pessoas utilizem os servi\u00e7os p\u00fablicos de transporte.<\/p>\n<h2>Impacto do VLT na Mobilidade Urbana<\/h2>\n<p>A implementa\u00e7\u00e3o do VLT em Bauru promete ter um impacto significativo na mobilidade urbana. Espera-se uma melhoria na acessibilidade entre diferentes bairros e regi\u00f5es da cidade, al\u00e9m de uma redu\u00e7\u00e3o no tempo de deslocamento dos usu\u00e1rios. Isso poder\u00e1 encorajar mais cidad\u00e3os a optarem pelo transporte p\u00fablico, em vez de ve\u00edculos particulares.<\/p>\n<h2>Como a popula\u00e7\u00e3o pode acompanhar o projeto<\/h2>\n<p>Para que a popula\u00e7\u00e3o esteja a par do desenvolvimento do projeto do VLT, a Prefeitura de Bauru e as entidades envolvidas devem garantir a transpar\u00eancia do processo. Isso pode ser feito atrav\u00e9s de relat\u00f3rios peri\u00f3dicos, reuni\u00f5es p\u00fablicas e plataformas digitais onde os cidad\u00e3os possam acessar informa\u00e7\u00f5es e dar feedback. A inclus\u00e3o da comunidade no processo de planejamento \u00e9 vital para o sucesso do projeto.<\/p>\n\n<div style=\"font-size: 0px; height: 0px; line-height: 0px; margin: 0; padding: 0; clear: both;\"><\/div>","protected":false},"excerpt":{"rendered":"<p>Prefeitura de Bauru formaliza contrato de R$ 2,3 milh\u00f5es para estudo de VLT.<\/p>\n","protected":false},"author":1,"featured_media":1191,"comment_status":"open","ping_status":"closed","sticky":false,"template":"","format":"standard","meta":{"footnotes":""},"categories":[21],"tags":[],"class_list":["post-1192","post","type-post","status-publish","format-standard","has-post-thumbnail","hentry","category-noticias-bauru","has_thumb"],"aioseo_notices":[],"_links":{"self":[{"href":"https:\/\/www.encontrabauru.com.br\/sobre\/wp-json\/wp\/v2\/posts\/1192","targetHints":{"allow":["GET"]}}],"collection":[{"href":"https:\/\/www.encontrabauru.com.br\/sobre\/wp-json\/wp\/v2\/posts"}],"about":[{"href":"https:\/\/www.encontrabauru.com.br\/sobre\/wp-json\/wp\/v2\/types\/post"}],"author":[{"embeddable":true,"href":"https:\/\/www.encontrabauru.com.br\/sobre\/wp-json\/wp\/v2\/users\/1"}],"replies":[{"embeddable":true,"href":"https:\/\/www.encontrabauru.com.br\/sobre\/wp-json\/wp\/v2\/comments?post=1192"}],"version-history":[{"count":0,"href":"https:\/\/www.encontrabauru.com.br\/sobre\/wp-json\/wp\/v2\/posts\/1192\/revisions"}],"wp:featuredmedia":[{"embeddable":true,"href":"https:\/\/www.encontrabauru.com.br\/sobre\/wp-json\/wp\/v2\/media\/1191"}],"wp:attachment":[{"href":"https:\/\/www.encontrabauru.com.br\/sobre\/wp-json\/wp\/v2\/media?parent=1192"}],"wp:term":[{"taxonomy":"category","embeddable":true,"href":"https:\/\/www.encontrabauru.com.br\/sobre\/wp-json\/wp\/v2\/categories?post=1192"},{"taxonomy":"post_tag","embeddable":true,"href":"https:\/\/www.encontrabauru.com.br\/sobre\/wp-json\/wp\/v2\/tags?post=1192"}],"curies":[{"name":"wp","href":"https:\/\/api.w.org\/{rel}","templated":true}]}}