{"id":1154,"date":"2026-04-25T08:29:04","date_gmt":"2026-04-25T11:29:04","guid":{"rendered":"https:\/\/www.encontrabauru.com.br\/sobre\/prefeitura-de-bauru-prorroga-o-cadastro-para-a-primeira-fase-do-programa-meu-primeiro-lar-ate-o-final-deste-mes\/"},"modified":"2026-04-25T08:29:04","modified_gmt":"2026-04-25T11:29:04","slug":"prefeitura-de-bauru-prorroga-o-cadastro-para-a-primeira-fase-do-programa-meu-primeiro-lar-ate-o-final-deste-mes","status":"publish","type":"post","link":"https:\/\/www.encontrabauru.com.br\/sobre\/prefeitura-de-bauru-prorroga-o-cadastro-para-a-primeira-fase-do-programa-meu-primeiro-lar-ate-o-final-deste-mes\/","title":{"rendered":"Prefeitura de Bauru prorroga o cadastro para a primeira fase do Programa \u2018Meu Primeiro Lar\u2019 at\u00e9 o final deste m\u00eas"},"content":{"rendered":"<div class=\"afac9f3eb9e49d7fc4d46fa627f8b2d3\" data-index=\"1\" style=\"float: none; margin:0px;\">\n<!-- Anuncio display - global -->\r\n<ins class=\"adsbygoogle\"\r\n     style=\"display:block\"\r\n     data-ad-client=\"ca-pub-8585364105181520\"\r\n     data-ad-slot=\"8789329856\"\r\n     data-ad-format=\"auto\"\r\n     data-full-width-responsive=\"true\"><\/ins>\r\n<script>\r\n     (adsbygoogle = window.adsbygoogle || []).push({});\r\n<\/script>\n<\/div>\n<h2>Como Funciona o Programa \u2018Meu Primeiro Lar\u2019<\/h2>\n<p>O Programa &#8216;Meu Primeiro Lar&#8217; foi estabelecido para facilitar o acesso \u00e0 moradia no munic\u00edpio de Bauru. Ele tem como objetivo central organizar e ampliar as a\u00e7\u00f5es habitacionais, proporcionando melhores condi\u00e7\u00f5es de habita\u00e7\u00e3o \u00e0 popula\u00e7\u00e3o. Este programa visa n\u00e3o apenas a constru\u00e7\u00e3o de novas resid\u00eancias, mas tamb\u00e9m a regulariza\u00e7\u00e3o de im\u00f3veis e outras iniciativas que visem a melhoria das condi\u00e7\u00f5es habitacionais na \u00e1rea urbana.<\/p>\n<h2>Prazo de Cadastro Estendido<\/h2>\n<p>A Prefeitura de Bauru anunciou que o prazo para a inscri\u00e7\u00e3o na primeira fase do Programa &#8216;Meu Primeiro Lar&#8217; foi prorrogado at\u00e9 o final do m\u00eas. Inicialmente, a data limite era marcada para uma sexta-feira, mas a administra\u00e7\u00e3o decidiu estender as inscri\u00e7\u00f5es at\u00e9 o dia 30 do m\u00eas corrente, de modo a dar mais oportunidades para as fam\u00edlias interessadas em participar deste projeto habitacional.<\/p>\n<h2>Quem Pode Se Inscrever?<\/h2>\n<p>O p\u00fablico-alvo para esta primeira fase do programa s\u00e3o as fam\u00edlias que se enquadram nos crit\u00e9rios estabelecidos pelo Programa Minha Casa Minha Vida. As inscri\u00e7\u00f5es s\u00e3o prioridade para moradores de comunidades como Jardim Europa, Ilha de Capri e Jardim Yolanda, que demonstram necessidade de apoio habitacional. Assim, a sele\u00e7\u00e3o ser\u00e1 feita com base nas diretrizes do programa, garantindo que as fam\u00edlias que mais precisam tenham acesso \u00e0s novas moradias.<\/p>\n<p><img decoding=\"async\" src=\"https:\/\/www.encontrabauru.com.br\/sobre\/wp-content\/uploads\/2026\/04\/prefeitura-de-bauru-prorroga-o-cadastro-para-a-primeira-fase-do-programa-meu-primeiro-lar-ate-o-fina.webp\" alt=\"Programa \u2018Meu Primeiro Lar\u2019\" loading=\"lazy\" \/><\/p>\n<h2>Onde Realizar o Cadastro?<\/h2>\n<p>Para realizar a inscri\u00e7\u00e3o, os interessados devem acessar a plataforma online da Prefeitura de Bauru. As inscri\u00e7\u00f5es est\u00e3o dispon\u00edveis no site oficial, especificamente na se\u00e7\u00e3o dedicada ao Programa &#8216;Meu Primeiro Lar&#8217;, em <a href=\"http:\/\/www.bauru.sp.gov.br\/meuprimeirolar\">www.bauru.sp.gov.br\/meuprimeirolar<\/a>. \u00c9 importante que os candidatos fiquem atentos \u00e0s informa\u00e7\u00f5es atualizadas e garantam que suas inscri\u00e7\u00f5es sejam efetuadas dentro do prazo estipulado.<\/p>\n<h2>Crit\u00e9rios para Sele\u00e7\u00e3o<\/h2>\n<p>A sele\u00e7\u00e3o dos participantes do Programa &#8216;Meu Primeiro Lar&#8217; ser\u00e1 feita a partir de crit\u00e9rios pr\u00e9-estabelecidos em decretos publicados no Di\u00e1rio Oficial. As exig\u00eancias incluem a comprova\u00e7\u00e3o de renda e a situa\u00e7\u00e3o habitacional das fam\u00edlias. Apenas aqueles que atendem a todos os requisitos poder\u00e3o garantir uma das casas dispon\u00edveis na Vila do Cerrado. \u00c9 essencial que os candidatos revisem esses crit\u00e9rios antes de realizar a inscri\u00e7\u00e3o.<\/p>\n<h2>Documenta\u00e7\u00e3o Necess\u00e1ria<\/h2>\n<p>Para efetuar a inscri\u00e7\u00e3o no programa, as fam\u00edlias precisar\u00e3o apresentar uma s\u00e9rie de documentos que atestem sua situa\u00e7\u00e3o financeira e habitacional. Entre os documentos exigidos est\u00e3o:<\/p>\n<ul>\n<li>Comprovante de resid\u00eancia atual;<\/li>\n<li>Documentos de identidade de todos os membros da fam\u00edlia;<\/li>\n<li>Comprovante de renda;<\/li>\n<li>Declara\u00e7\u00e3o de estado civil;<\/li>\n<li>Documentos relacionados a eventuais im\u00f3veis que a fam\u00edlia j\u00e1 possua.<\/li>\n<\/ul>\n<p>\u00c9 imprescind\u00edvel que toda a documenta\u00e7\u00e3o esteja completa e dentro dos padr\u00f5es estabelecidos para que a inscri\u00e7\u00e3o seja considerada.<\/p>\n<h2>Atendimento Presencial na Secretaria<\/h2>\n<p>As fam\u00edlias que necessitam de assist\u00eancia adicional ou que t\u00eam d\u00favidas sobre o processo de inscri\u00e7\u00e3o podem se dirigir ao atendimento presencial na Secretaria de Habita\u00e7\u00e3o. A secretaria est\u00e1 localizada na rua Wenceslau Braz, 8-8, e est\u00e1 aberta de segunda a sexta-feira, das 8h \u00e0s 12h. Essa \u00e9 uma op\u00e7\u00e3o importante para garantir que todas as fam\u00edlias recebam a orienta\u00e7\u00e3o necess\u00e1ria para participar do programa.<\/p>\n<h2>Pr\u00f3ximas Etapas do Programa<\/h2>\n<p>Ap\u00f3s esta primeira fase de cadastros, o Programa &#8216;Meu Primeiro Lar&#8217; continuar\u00e1 a se desenvolver com novas etapas a serem anunciadas. O planejamento inclui a constru\u00e7\u00e3o de mais moradias em diferentes regi\u00f5es da cidade, visando sempre atender a popula\u00e7\u00e3o que se encaixa nos crit\u00e9rios do programa. As casas remanescentes da Vila do Cerrado tamb\u00e9m poder\u00e3o ser destinadas a outras fam\u00edlias que se inscreverem em futuras edi\u00e7\u00f5es do programa, conforme as necessidades habitacionais forem sendo identificadas.<\/p>\n<h2>Benef\u00edcios do Programa Habitacional<\/h2>\n<p>O &#8216;Meu Primeiro Lar&#8217; oferece uma s\u00e9rie de benef\u00edcios, incluindo:<\/p>\n<ul>\n<li><strong>Acesso facilitado \u00e0 moradia:<\/strong> O programa visa atender principalmente as fam\u00edlias com menor poder aquisitivo, facilitando a aquisi\u00e7\u00e3o de im\u00f3veis.<\/li>\n<li><strong>Iniciativas de regulariza\u00e7\u00e3o:<\/strong> Ajuda na regulariza\u00e7\u00e3o fundi\u00e1ria, contribuindo para a legaliza\u00e7\u00e3o de im\u00f3veis e terrenos.<\/li>\n<li><strong>Integra\u00e7\u00e3o de a\u00e7\u00f5es:<\/strong> Promove uma abordagem organizada e cont\u00ednua, unindo diversos esfor\u00e7os habitacionais da prefeitura.<\/li>\n<li><strong>Subs\u00eddios e incentivos:<\/strong> Oferece suporte financeiro para aquisi\u00e7\u00e3o de im\u00f3veis via programas como o Casa Paulista.<\/li>\n<\/ul>\n<p>Esses benef\u00edcios visam proporcionar n\u00e3o apenas moradia, mas uma real melhoria na qualidade de vida dos cidad\u00e3os.<\/p>\n<h2>Hist\u00f3rico do Programa \u2018Meu Primeiro Lar\u2019<\/h2>\n<p>O Programa &#8216;Meu Primeiro Lar&#8217; foi iniciado no m\u00eas anterior \u00e0 publica\u00e7\u00e3o oficial dos prazos de cadastro. Esta iniciativa surgiu a partir da necessidade de criar uma estrutura efetiva para responder \u00e0s demandas habitacionais crescentes na cidade. Desde a cria\u00e7\u00e3o da Secretaria de Habita\u00e7\u00e3o, diversos avan\u00e7os t\u00eam sido feitos, incluindo melhorias na regulariza\u00e7\u00e3o fundi\u00e1ria e parcerias que viabilizam o sonho da casa pr\u00f3pria para muitos cidad\u00e3os. O programa representa um esfor\u00e7o conjunto para tornar a habita\u00e7\u00e3o mais acess\u00edvel e digna para a comunidade local.<\/p>\n\n<div style=\"font-size: 0px; height: 0px; line-height: 0px; margin: 0; padding: 0; clear: both;\"><\/div>","protected":false},"excerpt":{"rendered":"<p>Programa \u2018Meu Primeiro Lar\u2019 tem cadastro prorrogado at\u00e9 o final deste m\u00eas. N\u00e3o perca essa oportunidade!<\/p>\n","protected":false},"author":1,"featured_media":1153,"comment_status":"open","ping_status":"closed","sticky":false,"template":"","format":"standard","meta":{"footnotes":""},"categories":[21],"tags":[],"class_list":["post-1154","post","type-post","status-publish","format-standard","has-post-thumbnail","hentry","category-noticias-bauru","has_thumb"],"aioseo_notices":[],"_links":{"self":[{"href":"https:\/\/www.encontrabauru.com.br\/sobre\/wp-json\/wp\/v2\/posts\/1154","targetHints":{"allow":["GET"]}}],"collection":[{"href":"https:\/\/www.encontrabauru.com.br\/sobre\/wp-json\/wp\/v2\/posts"}],"about":[{"href":"https:\/\/www.encontrabauru.com.br\/sobre\/wp-json\/wp\/v2\/types\/post"}],"author":[{"embeddable":true,"href":"https:\/\/www.encontrabauru.com.br\/sobre\/wp-json\/wp\/v2\/users\/1"}],"replies":[{"embeddable":true,"href":"https:\/\/www.encontrabauru.com.br\/sobre\/wp-json\/wp\/v2\/comments?post=1154"}],"version-history":[{"count":0,"href":"https:\/\/www.encontrabauru.com.br\/sobre\/wp-json\/wp\/v2\/posts\/1154\/revisions"}],"wp:featuredmedia":[{"embeddable":true,"href":"https:\/\/www.encontrabauru.com.br\/sobre\/wp-json\/wp\/v2\/media\/1153"}],"wp:attachment":[{"href":"https:\/\/www.encontrabauru.com.br\/sobre\/wp-json\/wp\/v2\/media?parent=1154"}],"wp:term":[{"taxonomy":"category","embeddable":true,"href":"https:\/\/www.encontrabauru.com.br\/sobre\/wp-json\/wp\/v2\/categories?post=1154"},{"taxonomy":"post_tag","embeddable":true,"href":"https:\/\/www.encontrabauru.com.br\/sobre\/wp-json\/wp\/v2\/tags?post=1154"}],"curies":[{"name":"wp","href":"https:\/\/api.w.org\/{rel}","templated":true}]}}