{"id":1110,"date":"2026-04-17T08:28:20","date_gmt":"2026-04-17T11:28:20","guid":{"rendered":"https:\/\/www.encontrabauru.com.br\/sobre\/prefeitura-de-bauru-realiza-eleicao-de-membros-do-conselho-do-municipio\/"},"modified":"2026-04-17T08:28:20","modified_gmt":"2026-04-17T11:28:20","slug":"prefeitura-de-bauru-realiza-eleicao-de-membros-do-conselho-do-municipio","status":"publish","type":"post","link":"https:\/\/www.encontrabauru.com.br\/sobre\/prefeitura-de-bauru-realiza-eleicao-de-membros-do-conselho-do-municipio\/","title":{"rendered":"Prefeitura de Bauru realiza elei\u00e7\u00e3o de membros do Conselho do Munic\u00edpio"},"content":{"rendered":"<div class=\"afac9f3eb9e49d7fc4d46fa627f8b2d3\" data-index=\"1\" style=\"float: none; margin:0px;\">\n<!-- Anuncio display - global -->\r\n<ins class=\"adsbygoogle\"\r\n     style=\"display:block\"\r\n     data-ad-client=\"ca-pub-8585364105181520\"\r\n     data-ad-slot=\"8789329856\"\r\n     data-ad-format=\"auto\"\r\n     data-full-width-responsive=\"true\"><\/ins>\r\n<script>\r\n     (adsbygoogle = window.adsbygoogle || []).push({});\r\n<\/script>\n<\/div>\n<h2>O que \u00e9 o Conselho do Munic\u00edpio?<\/h2>\n<p>O Conselho do Munic\u00edpio de Bauru desempenha um papel crucial na participa\u00e7\u00e3o c\u00edvica e no desenvolvimento das pol\u00edticas locais. Esse \u00f3rg\u00e3o, que \u00e9 composto por 35 membros, tem como objetivo garantir que a comunidade tenha representa\u00e7\u00e3o adequada nas decis\u00f5es administrativas. Os integrantes s\u00e3o escolhidos representando diversas \u00e1reas, sendo que 12 deles v\u00eam do Poder P\u00fablico e 8 de institui\u00e7\u00f5es como ONGs, entidades de classe e universidades. A composi\u00e7\u00e3o busca refletir a diversidade e as necessidades da popula\u00e7\u00e3o.<\/p>\n<h2>Cronograma da Elei\u00e7\u00e3o<\/h2>\n<p>A elei\u00e7\u00e3o para a forma\u00e7\u00e3o do novo Conselho do Munic\u00edpio ocorrer\u00e1 entre os dias 28 de abril e 29 de maio de 2026. Durante esse per\u00edodo, os cidad\u00e3os ter\u00e3o a oportunidade de se envolver diretamente na escolha de seus representantes. A vota\u00e7\u00e3o ser\u00e1 agendada em diferentes locais e setores, garantindo que todos os cidad\u00e3os possam participar. \u00c9 fundamental que os interessados estejam atentos ao cronograma e aos hor\u00e1rios de vota\u00e7\u00e3o:<\/p>\n<ul>\n<li><strong>In\u00edcio da elei\u00e7\u00e3o:<\/strong> 28 de abril de 2026<\/li>\n<li><strong>Fim da elei\u00e7\u00e3o:<\/strong> 29 de maio de 2026<\/li>\n<li><strong>Registro de candidatos:<\/strong> Das 18h \u00e0s 19h, antes do in\u00edcio das vota\u00e7\u00f5es.<\/li>\n<\/ul>\n<h2>Quem pode votar e ser votado?<\/h2>\n<p>Para participar da vota\u00e7\u00e3o, tanto como eleitor quanto como candidato, \u00e9 necess\u00e1rio atender a alguns crit\u00e9rios importantes:<\/p>\n<p><img decoding=\"async\" src=\"https:\/\/www.encontrabauru.com.br\/sobre\/wp-content\/uploads\/2026\/04\/prefeitura-de-bauru-realiza-eleicao-de-membros-do-conselho-do-municipio.webp\" alt=\"elei\u00e7\u00e3o do Conselho do Munic\u00edpio\" loading=\"lazy\" \/><\/p>\n<ul>\n<li>A idade m\u00ednima exigida \u00e9 de 18 anos.<\/li>\n<li>Os candidatos e eleitores devem residir no munic\u00edpio de Bauru e no setor espec\u00edfico onde desejam participar.<\/li>\n<\/ul>\n<p>Essas condi\u00e7\u00f5es garantem que os representantes eleitos estejam em sintonia com as necessidades locais e que os votantes tenham um real interesse nas quest\u00f5es da sua comunidade.<\/p>\n<h2>Regulamenta\u00e7\u00f5es para Candidatos<\/h2>\n<p>Os candidatos interessados em concorrer \u00e0s vagas no Conselho devem estar cientes de algumas regulamenta\u00e7\u00f5es estipuladas no edital da elei\u00e7\u00e3o:<\/p>\n<ul>\n<li>Devem ser moradores de Bauru e do setor em que desejam se candidatar.<\/li>\n<li>As inscri\u00e7\u00f5es dos candidatos ocorrer\u00e3o no local da vota\u00e7\u00e3o, no dia da elei\u00e7\u00e3o, entre 18h e 19h.<\/li>\n<li>Os candidatos precisam apresentar documentos v\u00e1lidos que comprovem sua identidade e resid\u00eancia.<\/li>\n<\/ul>\n<h2>Como se preparar para a vota\u00e7\u00e3o<\/h2>\n<p>Constituir um bom planejamento para o dia da vota\u00e7\u00e3o \u00e9 fundamental. Aqui est\u00e3o algumas etapas a serem seguidas:<\/p>\n<ul>\n<li><strong>Verifique seu registro:<\/strong> Confirme que seu nome est\u00e1 na lista de eleitores do seu setor.<\/li>\n<li><strong>Prepare a documenta\u00e7\u00e3o:<\/strong> Leve documentos que comprovem sua identidade e, se for candidatar-se, os comprovantes de resid\u00eancia.<\/li>\n<li><strong>Informe-se sobre os candidatos:<\/strong> Conhe\u00e7a os candidatos que concorrem a sua vaga e suas propostas.<\/li>\n<\/ul>\n<h2>Locais de vota\u00e7\u00e3o em Bauru<\/h2>\n<p>Os locais de vota\u00e7\u00e3o foram designados para facilitar o acesso dos eleitores. Abaixo est\u00e1 a lista de alguns locais e suas respectivas datas:<\/p>\n<table>\n<tr>\n<th>Data<\/th>\n<th>Setor<\/th>\n<th>Local<\/th>\n<\/tr>\n<tr>\n<td>28\/04<\/td>\n<td>Setor 1<\/td>\n<td>Casa dos Conselhos \u2013 Rua Cussy J\u00fanior, 3-80 \u2013 Centro<\/td>\n<\/tr>\n<tr>\n<td>29\/04<\/td>\n<td>Setor 2<\/td>\n<td>Crefor \u2013 Rua Elis\u00e1rio Franco, 1-95 \u2013 Vila Avia\u00e7\u00e3o<\/td>\n<\/tr>\n<tr>\n<td>30\/04<\/td>\n<td>Setor 4<\/td>\n<td>Emef Ivan Engler de Almeida \u2013 Avenida Maria Ranieri, 1-40 \u2013 Parque dos Sabi\u00e1s<\/td>\n<\/tr>\n<tr>\n<td>05\/05<\/td>\n<td>Setor 3<\/td>\n<td>Emei Maria Izolina Theodoro Zanetta \u2013 Rua Felic\u00edssimo Antonio Pereira, 21-40 \u2013 Jardim Eug\u00eania<\/td>\n<\/tr>\n<tr>\n<td>06\/05<\/td>\n<td>Setor 5<\/td>\n<td>Emei Maria da Concei\u00e7\u00e3o Coimbra Gelonese \u2013 Rua M\u00e1rcia Andal\u00f3 Mendes de Carvalho, 1-17 \u2013 Jardim Rosa Branca<\/td>\n<\/tr>\n<tr>\n<td>07\/05<\/td>\n<td>Setor 6<\/td>\n<td>Emef C\u00f4nego An\u00edbal Difr\u00e2ncia \u2013 Rua Manoel Figueiredo, 1-20 \u2013 Parque S\u00e3o Geraldo<\/td>\n<\/tr>\n<tr>\n<td>12\/05<\/td>\n<td>Setor 7<\/td>\n<td>Emef Professor Jos\u00e9 Rom\u00e3o \u2013 Rua Pedro de Castro Pereira, 8-20 \u2013 Nova Bauru<\/td>\n<\/tr>\n<tr>\n<td>13\/05<\/td>\n<td>Setor 8<\/td>\n<td>Emef Etelvino Rodrigues Madureira \u2013 Rua Severino Dantas de Souza, 5-15 \u2013 Jardim Araruna<\/td>\n<\/tr>\n<tr>\n<td>14\/05<\/td>\n<td>Setor 9<\/td>\n<td>Emef Alzira Cardoso \u2013 Rua Orozimbo Florencio Figueiredo, 4-45 \u2013 Jardim Chapad\u00e3o<\/td>\n<\/tr>\n<tr>\n<td>19\/05<\/td>\n<td>Setor 10<\/td>\n<td>Emef Professora Lourdes de Oliveira Colnaghi \u2013 Rua Engenheiro Jo\u00e3o Batista Pacheco Fantin, 3-20 \u2013 N\u00facleo Jos\u00e9 Regino<\/td>\n<\/tr>\n<tr>\n<td>20\/05<\/td>\n<td>Setor 11<\/td>\n<td>NER Lydia Nava Cury \u2013 Rua Anthero Donnini, 1-125 \u2013 N\u00facleo Geisel<\/td>\n<\/tr>\n<tr>\n<td>21\/05<\/td>\n<td>Setor 12<\/td>\n<td>Emef Santa Maria \u2013 Rua Presidente Kennedy, 19-97 \u2013 Vila Cardia<\/td>\n<\/tr>\n<tr>\n<td>26\/05<\/td>\n<td>Entidades de classe, ONGs e Universidades<\/td>\n<td>Casa dos Conselhos \u2013 Rua Cussy J\u00fanior, 3-80 \u2013 Centro<\/td>\n<\/tr>\n<tr>\n<td>27\/05<\/td>\n<td>APA Vargem Limpa\/Campo Novo<\/td>\n<td>IPMet \u2013 Unesp<\/td>\n<\/tr>\n<tr>\n<td>28\/05<\/td>\n<td>APA \u00c1gua Parada<\/td>\n<td>Sal\u00e3o de Festas do Rio Verde<\/td>\n<\/tr>\n<tr>\n<td>29\/05<\/td>\n<td>APA Batalha<\/td>\n<td>Centro Rural do Distrito de Tibiri\u00e7\u00e1<\/td>\n<\/tr>\n<\/table>\n<h2>A import\u00e2ncia da participa\u00e7\u00e3o comunit\u00e1ria<\/h2>\n<p>A participa\u00e7\u00e3o ativa da comunidade \u00e9 essencial para a efetividade do Conselho do Munic\u00edpio. Ao votar e eleger membros, os cidad\u00e3os influenciam diretamente a forma como as pol\u00edticas p\u00fablicas s\u00e3o desenhadas e implementadas. Essa intera\u00e7\u00e3o n\u00e3o s\u00f3 fortalece a democracia local, mas tamb\u00e9m assegura que as vozes de diversas partes da popula\u00e7\u00e3o sejam ouvidas e consideradas nas decis\u00f5es que impactam suas vidas.<\/p>\n<h2>Divulga\u00e7\u00e3o das Candidaturas<\/h2>\n<p>As candidaturas ser\u00e3o amplamente divulgadas nas m\u00eddias locais e nas plataformas digitais. \u00c9 de suma import\u00e2ncia que os cidad\u00e3os acompanhem essas informa\u00e7\u00f5es para conhec\u00ea-los e entender suas propostas. Al\u00e9m disso, os candidatos tamb\u00e9m dever\u00e3o informar seus projetos e planos de a\u00e7\u00e3o durante a campanha, permitindo que os eleitores fa\u00e7am escolhas informadas.<\/p>\n<h2>Resultados e Impactos da Elei\u00e7\u00e3o<\/h2>\n<p>Ap\u00f3s a conclus\u00e3o das vota\u00e7\u00f5es, os resultados ser\u00e3o publicados oficialmente. A an\u00e1lise dos resultados proporcionar\u00e1 uma perspectiva sobre as prefer\u00eancias da popula\u00e7\u00e3o e poder\u00e1 influenciar futuras pol\u00edticas e a\u00e7\u00f5es do munic\u00edpio. A mudan\u00e7a no Conselho pode levar a novos enfoques e prioridades, refletindo as expectativas da comunidade.<\/p>\n<h2>Como acompanhar o processo eleitoral<\/h2>\n<p>O processo eleitoral ser\u00e1 supervisionado pela Secretaria de Aprova\u00e7\u00e3o de Projetos, que disponibilizar\u00e1 informa\u00e7\u00f5es detalhadas aos cidad\u00e3os. Al\u00e9m disso, os interessados podem acompanhar atualiza\u00e7\u00f5es via site oficial da Prefeitura, nas redes sociais e tamb\u00e9m por meio do Di\u00e1rio Oficial. Interagir e dialogar sobre o processo eleitoral \u00e9 um excelente passo para assegurar que todos permane\u00e7am informados e engajados nas quest\u00f5es que afetam diretamente suas vidas.<\/p>\n\n<div style=\"font-size: 0px; height: 0px; line-height: 0px; margin: 0; padding: 0; clear: both;\"><\/div>","protected":false},"excerpt":{"rendered":"<p>Ei, Bauru! Elei\u00e7\u00e3o do Conselho do Munic\u00edpio acontece em breve.<\/p>\n","protected":false},"author":1,"featured_media":1109,"comment_status":"open","ping_status":"closed","sticky":false,"template":"","format":"standard","meta":{"footnotes":""},"categories":[21],"tags":[],"class_list":["post-1110","post","type-post","status-publish","format-standard","has-post-thumbnail","hentry","category-noticias-bauru","has_thumb"],"aioseo_notices":[],"_links":{"self":[{"href":"https:\/\/www.encontrabauru.com.br\/sobre\/wp-json\/wp\/v2\/posts\/1110","targetHints":{"allow":["GET"]}}],"collection":[{"href":"https:\/\/www.encontrabauru.com.br\/sobre\/wp-json\/wp\/v2\/posts"}],"about":[{"href":"https:\/\/www.encontrabauru.com.br\/sobre\/wp-json\/wp\/v2\/types\/post"}],"author":[{"embeddable":true,"href":"https:\/\/www.encontrabauru.com.br\/sobre\/wp-json\/wp\/v2\/users\/1"}],"replies":[{"embeddable":true,"href":"https:\/\/www.encontrabauru.com.br\/sobre\/wp-json\/wp\/v2\/comments?post=1110"}],"version-history":[{"count":0,"href":"https:\/\/www.encontrabauru.com.br\/sobre\/wp-json\/wp\/v2\/posts\/1110\/revisions"}],"wp:featuredmedia":[{"embeddable":true,"href":"https:\/\/www.encontrabauru.com.br\/sobre\/wp-json\/wp\/v2\/media\/1109"}],"wp:attachment":[{"href":"https:\/\/www.encontrabauru.com.br\/sobre\/wp-json\/wp\/v2\/media?parent=1110"}],"wp:term":[{"taxonomy":"category","embeddable":true,"href":"https:\/\/www.encontrabauru.com.br\/sobre\/wp-json\/wp\/v2\/categories?post=1110"},{"taxonomy":"post_tag","embeddable":true,"href":"https:\/\/www.encontrabauru.com.br\/sobre\/wp-json\/wp\/v2\/tags?post=1110"}],"curies":[{"name":"wp","href":"https:\/\/api.w.org\/{rel}","templated":true}]}}