{"id":1098,"date":"2026-04-14T08:18:51","date_gmt":"2026-04-14T11:18:51","guid":{"rendered":"https:\/\/www.encontrabauru.com.br\/sobre\/motorista-resgatada-de-alagamento-em-bauru-diz-que-tromba-dagua-encobriu-carro-em-minutos-bati-em-um-poste-foi-o-que-me-segurou\/"},"modified":"2026-04-14T08:18:51","modified_gmt":"2026-04-14T11:18:51","slug":"motorista-resgatada-de-alagamento-em-bauru-diz-que-tromba-dagua-encobriu-carro-em-minutos-bati-em-um-poste-foi-o-que-me-segurou","status":"publish","type":"post","link":"https:\/\/www.encontrabauru.com.br\/sobre\/motorista-resgatada-de-alagamento-em-bauru-diz-que-tromba-dagua-encobriu-carro-em-minutos-bati-em-um-poste-foi-o-que-me-segurou\/","title":{"rendered":"Motorista resgatada de alagamento em Bauru diz que &#8216;tromba d\u2019\u00e1gua&#8217; encobriu carro em minutos: &#8216;Bati em um poste, foi o que me segurou&#8217;"},"content":{"rendered":"<div class=\"afac9f3eb9e49d7fc4d46fa627f8b2d3\" data-index=\"1\" style=\"float: none; margin:0px;\">\n<!-- Anuncio display - global -->\r\n<ins class=\"adsbygoogle\"\r\n     style=\"display:block\"\r\n     data-ad-client=\"ca-pub-8585364105181520\"\r\n     data-ad-slot=\"8789329856\"\r\n     data-ad-format=\"auto\"\r\n     data-full-width-responsive=\"true\"><\/ins>\r\n<script>\r\n     (adsbygoogle = window.adsbygoogle || []).push({});\r\n<\/script>\n<\/div>\n<h2>A for\u00e7a da tromba d\u2019\u00e1gua em Bauru<\/h2>\n<p>No dia 15 de mar\u00e7o, a cidade de Bauru, localizada no interior de S\u00e3o Paulo, enfrentou um fen\u00f4meno clim\u00e1tico devastador que ficou conhecido localmente como &#8220;tromba d\u2019\u00e1gua&#8221;. Esse evento foi marcado por uma intensa precipita\u00e7\u00e3o que resultou em inunda\u00e7\u00f5es repentinas, deixando a popula\u00e7\u00e3o alarmada e gerando um ambiente prop\u00edcio para o desespero. Durante a tarde, a cidade registrou um total de 65 mil\u00edmetros de chuva em apenas 24 horas, com uma impressionante marca de 33,3 mil\u00edmetros caindo em apenas 45 minutos, de 17h35 \u00e0s 18h20. Este ac\u00famulo de \u00e1gua rapidamente transformou a Avenida Na\u00e7\u00f5es Unidas em um mar de enxurrada, coberto por destro\u00e7os e lama.<\/p>\n<h2>O resgate corajoso da motorista<\/h2>\n<p>Um dos casos mais impactantes desse temporal foi o resgate de Ivone Cardoso, uma motorista de aplicativo de 49 anos. Ivone estava a caminho de buscar seu filho quando sua viatura foi submersa pela forte correnteza. Ao relatar o incidente, ela descreveu a situa\u00e7\u00e3o como aterrorizante: &#8220;Foi como uma grande onda de \u00e1gua que se aproximava de mim, e em instantes, o carro ficou completamente coberto.&#8221; Por sorte, o ve\u00edculo colidiu com um poste, que impediu que ela fosse arrastada pela correnteza. Moradores assistindo ao desespero de Ivone se mobilizaram rapidamente e iniciaram um resgate improv\u00e1vel.<\/p>\n<h2>Impactos da chuva intensa na cidade<\/h2>\n<p>Os efeitos da tempestade n\u00e3o foram sentidos apenas em um incidente isolado. Diversas partes da cidade experimentaram alagamentos, e os estragos foram significativos, especialmente nas principais vias e avenidas. Elementos do asfalto foram deslocados, deixando buracos na pista, e motoristas enfrentaram dificuldades em transitar por \u00e1reas que, normalmente, s\u00e3o seguras. A Defesa Civil foi acionada para avaliar os danos e ajudar a popula\u00e7\u00e3o que se viu em situa\u00e7\u00f5es de risco. A partir desse evento, ficou claro que Bauru precisava n\u00e3o apenas de uma an\u00e1lise t\u00e9cnica das infraestruturas, mas tamb\u00e9m de um plano de emerg\u00eancia a ser acionado em situa\u00e7\u00f5es futuras semelhantes.<\/p>\n<h2>Detalhes do alagamento na Avenida Na\u00e7\u00f5es Unidas<\/h2>\n<p>A Avenida Na\u00e7\u00f5es Unidas, uma das mais importantes de Bauru, foi um dos locais mais afetados pela enchente. A for\u00e7a da chuva foi tanta que peda\u00e7os do asfalto foram arrancados, e carros foram literalmente submersos. A vis\u00e3o das luzes dos ve\u00edculos piscando em meio \u00e0 \u00e1gua tumultuada era um retrato de desespero. Moradores e transeuntes se uniram em um esfor\u00e7o para ajudar aqueles que estavam presos nas suas novas &#8220;armadilhas aqu\u00e1ticas&#8221;. O que antes era uma via movimentada se transformou em um rio caudaloso, e o cen\u00e1rio de destrui\u00e7\u00e3o gerou p\u00e2nico entre os residentes locais.<\/p>\n<h2>Hist\u00f3rias de quem ajudou no resgate<\/h2>\n<p>Enquanto os servi\u00e7os de emerg\u00eancia lutavam contra a for\u00e7a da natureza, homens e mulheres comuns se tornaram os her\u00f3is do dia. Pessoas que estavam em volta do local se uniram para ajudar Ivone e outros motoristas que ainda estavam presos em seus ve\u00edculos. Um v\u00eddeo que circula nas m\u00eddias sociais mostra a mobiliza\u00e7\u00e3o de um grupo de moradores que, em ato de coragem, se atiraram nas \u00e1guas turbulentas para oferecer socorro. Essas a\u00e7\u00f5es heroicas ressaltam n\u00e3o s\u00f3 a solidariedade entre os cidad\u00e3os, mas tamb\u00e9m a necessidade de um senso comunit\u00e1rio em situa\u00e7\u00f5es de crise. &#8220;Agrade\u00e7o a cada pessoa que me ajudou. Sem elas, eu poderia n\u00e3o estar aqui hoje&#8221;, afirma Ivone.<\/p>\n<h2>Como se preparar para temporais<\/h2>\n<p>Ficar frente a frente com a natureza \u00e9 um aviso para que as cidades e seus moradores se preparem melhor para eventos clim\u00e1ticos extremos. Algumas dicas pr\u00e1ticas para a popula\u00e7\u00e3o incluem: ter sempre um plano de evacua\u00e7\u00e3o, manter um kit de emerg\u00eancia com itens b\u00e1sicos como \u00e1gua, comida n\u00e3o perec\u00edvel, lanterna e uma bateria reserva. As autoridades tamb\u00e9m recomendam manter um contato ativo com vizinhos e se manter atualizado sobre as previs\u00f5es clim\u00e1ticas e poss\u00edveis alertas de alagamento. O preparo \u00e9 crucial para a sobreviv\u00eancia.<\/p>\n<h2>Os danos causados pela enxurrada<\/h2>\n<p>Os danos financeiros e estruturais causados pela chuva em Bauru foram massivos. Diversos ve\u00edculos foram perdidos, como tamb\u00e9m equipamentos dom\u00e9sticos e mobili\u00e1rio de casas localizadas em \u00e1reas mais baixas. Estruturas de pr\u00e9dios e com\u00e9rcio tamb\u00e9m sofreram danos significativos, e a ressaca causada pela tempestade trouxe \u00e0 tona a urg\u00eancia de a\u00e7\u00f5es corretivas. As autoridades locais est\u00e3o avaliando a necessidade de um plano de infraestrutura mais robusto para evitar que incidentes similares voltem a acontecer no futuro. Isso incluir\u00e1 a revis\u00e3o de c\u00f3rregos e bacias que possam estar entupidas e a necessidade de um sistema de drenagem mais eficiente.<\/p>\n<h2>Testemunhos de moradores da regi\u00e3o<\/h2>\n<p>Com a intera\u00e7\u00e3o de tantos cidad\u00e3os e a for\u00e7a da natureza, surgiram hist\u00f3rias diversas. Moradores comentaram sobre o susto e a tens\u00e3o revelada naqueles momentos. &#8220;A \u00e1gua subiu t\u00e3o rapidamente que n\u00e3o tive tempo de reagir&#8221;, explicou um lojista que viu sua loja submersa. E outra moradora ressaltou que, no meio da trag\u00e9dia, o senso de comunidade estava mais forte do que nunca. &#8220;Todos estavam preocupados com o pr\u00f3ximo; era um momento de uni\u00e3o&#8221;, relatou.<\/p>\n<h2>A resposta das autoridades diante da situa\u00e7\u00e3o<\/h2>\n<p>A Prefeitura de Bauru e a Defesa Civil atuaram rapidamente em resposta aos danos causados pela tromba d\u2019\u00e1gua. Equipes de emerg\u00eancia foram mobilizadas para realizar resgates e avaliar os danos. T\u00e9cnicos da Defesa Civil t\u00eam inspecionado \u00e1reas cr\u00edticas da cidade para analisar os riscos e implementar melhorias na infraestrutura. A cidade planeja tamb\u00e9m um trabalho de reabilita\u00e7\u00e3o para os locais afetados e um alerta cont\u00ednuo para a popula\u00e7\u00e3o sobre os perigos das inunda\u00e7\u00f5es.<\/p>\n<h2>Reflex\u00f5es sobre seguran\u00e7a em situa\u00e7\u00f5es de alagamento<\/h2>\n<p>Eventos clim\u00e1ticos, como o que ocorreu em Bauru, levantam importantes quest\u00f5es sobre a vulnerabilidade das cidades perante a natureza. A reflex\u00e3o deve se estender ao planejamento urbano, com a cria\u00e7\u00e3o de redes de drenagem e sistemas de alarme adequados. Al\u00e9m disso, \u00e9 fundamental promover a conscientiza\u00e7\u00e3o entre a popula\u00e7\u00e3o sobre como agir em situa\u00e7\u00f5es de emerg\u00eancia. Medidas coletivas e individuais s\u00e3o essenciais para garantir a seguran\u00e7a de todos, e um dia como este deve ser um marco para o aprendizado e para a constru\u00e7\u00e3o de um futuro mais resiliente.<\/p>\n\n<div style=\"font-size: 0px; height: 0px; line-height: 0px; margin: 0; padding: 0; clear: both;\"><\/div>","protected":false},"excerpt":{"rendered":"<p>Tromba d\u2019\u00e1gua em Bauru: motorista relata resgate emocionante.<\/p>\n","protected":false},"author":1,"featured_media":0,"comment_status":"open","ping_status":"closed","sticky":false,"template":"","format":"standard","meta":{"footnotes":""},"categories":[21],"tags":[],"class_list":["post-1098","post","type-post","status-publish","format-standard","hentry","category-noticias-bauru"],"aioseo_notices":[],"_links":{"self":[{"href":"https:\/\/www.encontrabauru.com.br\/sobre\/wp-json\/wp\/v2\/posts\/1098","targetHints":{"allow":["GET"]}}],"collection":[{"href":"https:\/\/www.encontrabauru.com.br\/sobre\/wp-json\/wp\/v2\/posts"}],"about":[{"href":"https:\/\/www.encontrabauru.com.br\/sobre\/wp-json\/wp\/v2\/types\/post"}],"author":[{"embeddable":true,"href":"https:\/\/www.encontrabauru.com.br\/sobre\/wp-json\/wp\/v2\/users\/1"}],"replies":[{"embeddable":true,"href":"https:\/\/www.encontrabauru.com.br\/sobre\/wp-json\/wp\/v2\/comments?post=1098"}],"version-history":[{"count":0,"href":"https:\/\/www.encontrabauru.com.br\/sobre\/wp-json\/wp\/v2\/posts\/1098\/revisions"}],"wp:attachment":[{"href":"https:\/\/www.encontrabauru.com.br\/sobre\/wp-json\/wp\/v2\/media?parent=1098"}],"wp:term":[{"taxonomy":"category","embeddable":true,"href":"https:\/\/www.encontrabauru.com.br\/sobre\/wp-json\/wp\/v2\/categories?post=1098"},{"taxonomy":"post_tag","embeddable":true,"href":"https:\/\/www.encontrabauru.com.br\/sobre\/wp-json\/wp\/v2\/tags?post=1098"}],"curies":[{"name":"wp","href":"https:\/\/api.w.org\/{rel}","templated":true}]}}