{"id":1041,"date":"2026-04-03T08:35:02","date_gmt":"2026-04-03T11:35:02","guid":{"rendered":"https:\/\/www.encontrabauru.com.br\/sobre\/prefeitura-de-bauru-informa-sobre-o-funcionamento-de-servicos-no-feriado-da-paixao-de-cristo\/"},"modified":"2026-04-03T08:35:02","modified_gmt":"2026-04-03T11:35:02","slug":"prefeitura-de-bauru-informa-sobre-o-funcionamento-de-servicos-no-feriado-da-paixao-de-cristo","status":"publish","type":"post","link":"https:\/\/www.encontrabauru.com.br\/sobre\/prefeitura-de-bauru-informa-sobre-o-funcionamento-de-servicos-no-feriado-da-paixao-de-cristo\/","title":{"rendered":"Prefeitura de Bauru informa sobre o funcionamento de servi\u00e7os no feriado da Paix\u00e3o de Cristo"},"content":{"rendered":"<div class=\"afac9f3eb9e49d7fc4d46fa627f8b2d3\" data-index=\"1\" style=\"float: none; margin:0px;\">\n<!-- Anuncio display - global -->\r\n<ins class=\"adsbygoogle\"\r\n     style=\"display:block\"\r\n     data-ad-client=\"ca-pub-8585364105181520\"\r\n     data-ad-slot=\"8789329856\"\r\n     data-ad-format=\"auto\"\r\n     data-full-width-responsive=\"true\"><\/ins>\r\n<script>\r\n     (adsbygoogle = window.adsbygoogle || []).push({});\r\n<\/script>\n<\/div>\n<h2>Hor\u00e1rio de Funcionamento da Administra\u00e7\u00e3o Municipal<\/h2>\n<p>A Prefeitura de Bauru notificou a popula\u00e7\u00e3o sobre o funcionamento dos servi\u00e7os p\u00fablicos durante o feriado da Paix\u00e3o de Cristo, programado para esta sexta-feira, dia 3 de abril. O expediente administrativo ser\u00e1 encerrado \u00e0s 18h na quinta-feira, dia 2, e as atividades retornar\u00e3o normalmente na segunda-feira, dia 6, a partir das 8h.<\/p>\n<h2>Atendimentos M\u00e9dicos Durante o Feriado<\/h2>\n<p>Durante o feriado, os servi\u00e7os de sa\u00fade estar\u00e3o em opera\u00e7\u00e3o cont\u00ednua para atendimentos de urg\u00eancia e emerg\u00eancia. O Pronto Socorro Central (PSC), o Servi\u00e7o de Atendimento M\u00f3vel de Urg\u00eancia (Samu) e as quatro Unidades de Pronto Atendimento (UPAs) localizadas em Bela Vista, Mary Dota, Ipiranga e Geisel\/Redentor estar\u00e3o dispon\u00edveis para atendimento sem interrup\u00e7\u00e3o.<\/p>\n<p>As Unidades B\u00e1sicas de Sa\u00fade (UBS) e as Unidades de Sa\u00fade da Fam\u00edlia (USF) funcionar\u00e3o at\u00e9 o dia 2, durante o hor\u00e1rio normal, e retomar\u00e3o o atendimento na segunda-feira, dia 6, \u00e0s 8h.<\/p>\n<h2>Funcionamento do Conselho Tutelar<\/h2>\n<p>O Conselho Tutelar estar\u00e1 em regime de plant\u00e3o todos os dias, incluindo feriados. Os cidad\u00e3os poder\u00e3o entrar em contato atrav\u00e9s do telefone (14) 98187-3487, que estar\u00e1 dispon\u00edvel para atendimento.<\/p>\n<h2>Atividades do DAE e Atendimento Emergencial<\/h2>\n<p>O Departamento de \u00c1guas e Esgotos (DAE) acionar\u00e1 seu expediente administrativo at\u00e9 as 17h na quinta-feira, dia 2. As atividades ser\u00e3o retomadas na segunda-feira, dia 6, \u00e0s 8h. Para reportar vazamentos de \u00e1gua e esgoto, e para solicitar caminh\u00f5es-pipa, o p\u00fablico pode ligar para o Servi\u00e7o de Atendimento ao P\u00fablico, utilizando o n\u00famero 0800-771 0195, que atende chamadas tanto de telefones fixos quanto m\u00f3veis, ou para os n\u00fameros 3235-6140 e 3235-6179, aptos a receber chamadas de celular. O atendimento feito pelo DAE funcionar\u00e1 24 horas, todos os dias, incluindo finais de semana e feriados, com equipes preparadas para atender situa\u00e7\u00f5es emergenciais.<\/p>\n<h2>Status das Feiras Livres e Parques Municipais<\/h2>\n<p>As feiras livres seguir\u00e3o seu funcionamento normal durante o feriado. Quanto aos parques municipais:<\/p>\n<ul>\n<li><strong>Zool\u00f3gico:<\/strong> aberto na sexta-feira, s\u00e1bado e domingo, das 8h \u00e0s 17h.<\/li>\n<li><strong>Jardim Bot\u00e2nico:<\/strong> dispon\u00edvel todos os dias, das 8h \u00e0s 16h.<\/li>\n<li><strong>Horto Florestal:<\/strong> a \u00e1rea externa de lazer estar\u00e1 aberta diariamente, das 7h \u00e0s 17h. As trilhas internas estar\u00e3o dispon\u00edveis na sexta-feira e no s\u00e1bado, das 7h \u00e0s 11h, mas estar\u00e3o fechadas no domingo. O Centro de Educa\u00e7\u00e3o Ambiental encerrar\u00e1 suas atividades na quinta-feira e voltar\u00e1 na segunda-feira \u00e0s 8h.<\/li>\n<li><strong>Bosque da Comunidade:<\/strong> aberto diariamente, das 7h \u00e0s 17h30.<\/li>\n<\/ul>\n<h2>Informa\u00e7\u00f5es sobre Ecopontos e Ecoverde<\/h2>\n<p>Os Ecopontos estar\u00e3o com funcionamento regular na sexta-feira e domingo, das 8h \u00e0s 16h, e no s\u00e1bado, das 7h \u00e0s 19h. J\u00e1 o Ecoverde estar\u00e1 fechado na sexta-feira e no domingo, mas funcionar\u00e1 no s\u00e1bado, das 8h \u00e0s 13h.<\/p>\n<h2>Coleta Seletiva e Limpeza Urbana<\/h2>\n<p>A coleta seletiva seguir\u00e1 o cronograma normal nesta sexta-feira e no s\u00e1bado. No que diz respeito \u00e0 limpeza urbana, a Emdurb informa que n\u00e3o haver\u00e1 expediente administrativo no feriado. Contudo, os servi\u00e7os de coleta de lixo org\u00e2nico, fiscaliza\u00e7\u00e3o de tr\u00e2nsito, terminal rodovi\u00e1rio e aer\u00f3dromo, manuten\u00e7\u00e3o semaf\u00f3rica, manuten\u00e7\u00e3o de ve\u00edculos, varri\u00e7\u00e3o nos bairros, assim como a gest\u00e3o dos cemit\u00e9rios municipais e funer\u00e1ria, continuar\u00e3o operando normalmente. Para os bairros com cobran\u00e7as de coleta de lixo \u00e0s segundas, quartas e sextas-feiras, o servi\u00e7o de coleta ocorrer\u00e1 normalmente na sexta-feira.<\/p>\n<h2>Servi\u00e7os do Poupatempo no Feriado<\/h2>\n<p>No Poupatempo, o atendimento estar\u00e1 suspenso na sexta-feira, funcionando no s\u00e1bado das 9h \u00e0s 13h. O servi\u00e7o n\u00e3o operar\u00e1 no domingo, retornando na segunda-feira, \u00e0s 9h, apenas com atendimento presencial mediante agendamento pr\u00e9vio, que pode ser realizado gratuitamente nas plataformas eletr\u00f4nicas.<\/p>\n<h2>Funcionamento da Cohab e Emdurb<\/h2>\n<p>A Cohab encerrar\u00e1 os atendimentos na quinta-feira, dia 2, \u00e0s 17h, e voltar\u00e1 a operar na segunda-feira, dia 6, \u00e0s 8h. Em rela\u00e7\u00e3o \u00e0 Emdurb, reiteramos que n\u00e3o haver\u00e1 expediente administrativo na sexta-feira. Entretanto, todos os servi\u00e7os essenciais mencionados anteriormente manter\u00e3o suas opera\u00e7\u00f5es.<\/p>\n<h2>Transporte Coletivo: Tabelas e Funcionamento<\/h2>\n<p>Os servi\u00e7os de transporte coletivo ter\u00e3o a seguinte programa\u00e7\u00e3o durante o feriado:<\/p>\n<ul>\n<li><strong>Dia 03 de abril (sexta-feira):<\/strong> as linhas operar\u00e3o conforme a tabela de domingo e feriado.<\/li>\n<li><strong>Dia 04 de abril (s\u00e1bado):<\/strong> as linhas seguir\u00e3o a tabela de s\u00e1bado.<\/li>\n<li><strong>Dia 05 de abril (domingo):<\/strong> as linhas estar\u00e3o de acordo com a tabela de domingo e feriado.<\/li>\n<\/ul>\n<p>Essas informa\u00e7\u00f5es visam proporcionar clareza sobre o funcionamento dos servi\u00e7os municipais durante um per\u00edodo importante, ajudando a planejar adequadamente as necessidades da popula\u00e7\u00e3o.<\/p>\n\n<div style=\"font-size: 0px; height: 0px; line-height: 0px; margin: 0; padding: 0; clear: both;\"><\/div>","protected":false},"excerpt":{"rendered":"<p>Feriado da Paix\u00e3o de Cristo: saiba como ficam os servi\u00e7os em Bauru.<\/p>\n","protected":false},"author":1,"featured_media":0,"comment_status":"open","ping_status":"closed","sticky":false,"template":"","format":"standard","meta":{"footnotes":""},"categories":[23],"tags":[],"class_list":["post-1041","post","type-post","status-publish","format-standard","hentry","category-servicos-bauru"],"aioseo_notices":[],"_links":{"self":[{"href":"https:\/\/www.encontrabauru.com.br\/sobre\/wp-json\/wp\/v2\/posts\/1041","targetHints":{"allow":["GET"]}}],"collection":[{"href":"https:\/\/www.encontrabauru.com.br\/sobre\/wp-json\/wp\/v2\/posts"}],"about":[{"href":"https:\/\/www.encontrabauru.com.br\/sobre\/wp-json\/wp\/v2\/types\/post"}],"author":[{"embeddable":true,"href":"https:\/\/www.encontrabauru.com.br\/sobre\/wp-json\/wp\/v2\/users\/1"}],"replies":[{"embeddable":true,"href":"https:\/\/www.encontrabauru.com.br\/sobre\/wp-json\/wp\/v2\/comments?post=1041"}],"version-history":[{"count":0,"href":"https:\/\/www.encontrabauru.com.br\/sobre\/wp-json\/wp\/v2\/posts\/1041\/revisions"}],"wp:attachment":[{"href":"https:\/\/www.encontrabauru.com.br\/sobre\/wp-json\/wp\/v2\/media?parent=1041"}],"wp:term":[{"taxonomy":"category","embeddable":true,"href":"https:\/\/www.encontrabauru.com.br\/sobre\/wp-json\/wp\/v2\/categories?post=1041"},{"taxonomy":"post_tag","embeddable":true,"href":"https:\/\/www.encontrabauru.com.br\/sobre\/wp-json\/wp\/v2\/tags?post=1041"}],"curies":[{"name":"wp","href":"https:\/\/api.w.org\/{rel}","templated":true}]}}